[{"@context":"https:\/\/schema.org\/","@type":"Article","@id":"https:\/\/www.j-z-m.cz\/vypinac-ktery-nese-jmeno-schneider\/#Article","mainEntityOfPage":"https:\/\/www.j-z-m.cz\/vypinac-ktery-nese-jmeno-schneider\/","headline":"Vyp\u00edna\u010d, kter\u00fd nese jm\u00e9no Schneider","name":"Vyp\u00edna\u010d, kter\u00fd nese jm\u00e9no Schneider","description":"Co se za t\u00edmto jm\u00e9nem skr\u00fdv\u00e1? P\u0159edev\u0161\u00edm kvalita a spokojenost u\u017eivatel\u016f. Jak je mo\u017en\u00e9, \u017ee tak mal\u00e1 krabi\u010dka dok\u00e1\u017ee tolik pot\u011b\u0161it? Bude to z\u0159ejm\u011b t\u00edm, [&hellip;]","datePublished":"2023-10-31","dateModified":"2023-10-31","author":{"@type":"Person","@id":"https:\/\/www.j-z-m.cz\/author\/#Person","name":"","url":"https:\/\/www.j-z-m.cz\/author\/","identifier":1,"image":{"@type":"ImageObject","@id":"https:\/\/secure.gravatar.com\/avatar\/e32c915fa5b274a4469e3ef5c1f9837e76577a60613858c5c8a74a3de98e33bc?s=96&d=mm&r=g","url":"https:\/\/secure.gravatar.com\/avatar\/e32c915fa5b274a4469e3ef5c1f9837e76577a60613858c5c8a74a3de98e33bc?s=96&d=mm&r=g","height":96,"width":96}},"publisher":{"@type":"Organization","name":"j-z-m.cz","logo":{"@type":"ImageObject","@id":"\/logo.png","url":"\/logo.png","width":600,"height":60}},"url":"https:\/\/www.j-z-m.cz\/vypinac-ktery-nese-jmeno-schneider\/","wordCount":237,"articleBody":"Co se za t\u00edmto jm\u00e9nem skr\u00fdv\u00e1? P\u0159edev\u0161\u00edm kvalita a spokojenost u\u017eivatel\u016f. Jak je mo\u017en\u00e9, \u017ee tak mal\u00e1 krabi\u010dka dok\u00e1\u017ee tolik pot\u011b\u0161it? Bude to z\u0159ejm\u011b t\u00edm, \u017ee pat\u0159\u00ed mezi kvalitn\u00ed a modern\u00ed p\u0159\u00edslu\u0161enstv\u00ed elektroinstalace, kterou vyu\u017e\u00edv\u00e1me denn\u011b. A pr\u00e1v\u011b takov\u00e9 p\u0159\u00edslu\u0161enstv\u00ed, kter\u00e9 nach\u00e1z\u00ed v dom\u00e1cnostech i firm\u00e1ch denn\u00ed vyu\u017eit\u00ed, si zaslou\u017e\u00ed nejv\u00edce pozornosti. Jen si p\u0159edstavte n\u00e1dhern\u011b za\u0159\u00edzenou m\u00edstnost plnou modern\u00edho n\u00e1bytku, obraz\u016f a elektroniky a najednou na zdi nevkusn\u00fd detail, kter\u00fd znehodnot\u00ed celkov\u00fd dojem. S t\u00edmto v\u00fdrobkem se v\u00e1m to st\u00e1t nem\u016f\u017ee, proto\u017ee jej snadno p\u0159izp\u016fsob\u00edte ji\u017e st\u00e1vaj\u00edc\u00edmu interi\u00e9ru. Nejen designem, ale i odst\u00edny barev.\tVa\u0161e prost\u0159ed\u00ed, va\u0161e po\u017eadavkyTo, co se v\u00e1m zd\u00e1lo doned\u00e1vna b\u011b\u017en\u00e9, a nechali jste se zm\u00e1st a vyu\u017e\u00edvali tak, jak v\u00e1m bylo d\u00e1no, to dnes ji\u017e nem\u00e1 m\u00edsto ve va\u0161em interi\u00e9ru. Vyp\u00edna\u010d Schneider je d\u016fkazem toho, \u017ee doba opravdu pokro\u010dila a p\u0159\u00e1n\u00ed z\u00e1kazn\u00edk\u016f jsou vysly\u0161eny. Krom\u011b dokonal\u00e9ho designu toho um\u00ed je\u0161t\u011b v\u00edc. Nemus\u00edte m\u00edt na ka\u017ed\u00e9 zdi jeden. Ale na jedin\u00e9 zdi takov\u00fd, kter\u00fdm budete ovl\u00e1dat v\u0161e.                                                                                                                                                                                                                                                                                                                                                                                                "},{"@context":"https:\/\/schema.org\/","@type":"BreadcrumbList","itemListElement":[{"@type":"ListItem","position":1,"name":"Vyp\u00edna\u010d, kter\u00fd nese jm\u00e9no Schneider","item":"https:\/\/www.j-z-m.cz\/vypinac-ktery-nese-jmeno-schneider\/#breadcrumbitem"}]}]