[{"@context":"https:\/\/schema.org\/","@type":"Article","@id":"https:\/\/www.j-z-m.cz\/v-hlave-je-mista-dost\/#Article","mainEntityOfPage":"https:\/\/www.j-z-m.cz\/v-hlave-je-mista-dost\/","headline":"V hlav\u011b je m\u00edsta dost","name":"V hlav\u011b je m\u00edsta dost","description":"M\u016fj \u017eivot je dost podn\u011btn\u00fd. Po\u0159\u00e1d se na mne hrnou nov\u00e9 a nov\u00e9 informace, kter\u00e9 si m\u00e1m pamatovat nebo o nich m\u00edt aspo\u0148 pov\u011bdom\u00ed. A [&hellip;]","datePublished":"2024-01-31","dateModified":"2024-01-31","author":{"@type":"Person","@id":"https:\/\/www.j-z-m.cz\/author\/#Person","name":"","url":"https:\/\/www.j-z-m.cz\/author\/","identifier":1,"image":{"@type":"ImageObject","@id":"https:\/\/secure.gravatar.com\/avatar\/e32c915fa5b274a4469e3ef5c1f9837e76577a60613858c5c8a74a3de98e33bc?s=96&d=mm&r=g","url":"https:\/\/secure.gravatar.com\/avatar\/e32c915fa5b274a4469e3ef5c1f9837e76577a60613858c5c8a74a3de98e33bc?s=96&d=mm&r=g","height":96,"width":96}},"publisher":{"@type":"Organization","name":"j-z-m.cz","logo":{"@type":"ImageObject","@id":"\/logo.png","url":"\/logo.png","width":600,"height":60}},"image":{"@type":"ImageObject","@id":"https:\/\/www.j-z-m.cz\/wp-content\/uploads\/%C5%A1_4.jpg","url":"https:\/\/www.j-z-m.cz\/wp-content\/uploads\/%C5%A1_4.jpg","height":0,"width":0},"url":"https:\/\/www.j-z-m.cz\/v-hlave-je-mista-dost\/","about":["Vzd\u011bl\u00e1n\u00ed"],"wordCount":494,"articleBody":"M\u016fj \u017eivot je dost podn\u011btn\u00fd. Po\u0159\u00e1d se na mne hrnou nov\u00e9 a nov\u00e9 informace, kter\u00e9 si m\u00e1m pamatovat nebo o nich m\u00edt aspo\u0148 pov\u011bdom\u00ed. A navzdory tomu, kolik je mi let, je obvykle je\u0161t\u011b zvl\u00e1d\u00e1m pobrat. I v\u00fdpo\u010detn\u00ed techniku jsem zvl\u00e1dl, i kdy\u017e jsem se narodil v\u00a0dob\u00e1ch, kdy o n\u00ed u n\u00e1s nem\u011bli lid\u00e9 je\u0161t\u011b ani potuchy a kralovaly tu jen mechanick\u00e9 psac\u00ed stroje. P\u0159i tom pochopiteln\u011b postupn\u011b zapom\u00edn\u00e1m to, co se v\u00a0m\u00e9 hlav\u011b ulo\u017eilo d\u0159\u00edve, ale co jsem u\u017e po hodn\u011b dlouhou dobu nepou\u017eil. Ale i tak mi tam z\u016fst\u00e1vaj\u00ed aspo\u0148 st\u0159\u00edpky toho d\u0159\u00edve nau\u010den\u00e9ho.A tak si dodnes pamatuji onen za\u010d\u00e1tek \u017eivotopisu na\u0161eho socialistick\u00e9ho prezidenta, kter\u00fd jsem se musel stejn\u011b jako v\u0161ichni ostatn\u00ed nau\u010dit zpam\u011bti je\u0161t\u011b na z\u00e1kladn\u00ed \u0161kole tak p\u0159ed \u010dty\u0159iceti lety. A podobn\u011b si pamatuji n\u011bkdy mal\u00e9 kousky a n\u011bkdy i komplet v\u0161e z\u00a0toho, co mne v\u00a0\u017eivot\u011b u\u010dili.Zn\u00e1m t\u0159eba slova J. A. Komensk\u00e9ho, odch\u00e1zej\u00edc\u00edho do exilu, tedy ono \u201ena tebe, n\u00e1rode \u010desk\u00fd a moravsk\u00fd, vlasti mil\u00e1, zapomenouti nemohu p\u0159i sv\u00e9m ji\u017e dokonal\u00e9m se s\u00a0tebou lou\u010den\u00ed\u201c, zn\u00e1m koncovky oxid\u016f od \u201e-n\u00fd\u201c a\u017e po \u201e-i\u010del\u00fd\u201c, v\u00edm, \u017ee existuje cosi jako Abelova komutativn\u00ed pologrupa, od\u0159\u00edk\u00e1m v\u00e1m v\u0161echna vyjmenovan\u00e1 slova, zn\u00e1m vzory p\u0159\u00eddavn\u00fdch jmen i druhy z\u00e1jmen.Pak v\u00e1m od\u0159\u00edk\u00e1m i slib jisker, um\u00edm \u0159e\u0161it rovnice, ch\u00e1pu mocniny i odmocniny, docela skv\u011ble se orientuji na map\u011b sv\u011bta a vyjmenuji v\u00e1m spousty st\u00e1t\u016f i s\u00a0jejich hlavn\u00edmi m\u011bsty, a to v\u00a0sou\u010dasn\u00e9 i p\u011bt des\u00edtek let star\u00e9 podob\u011b.Rodi\u010de prost\u011b cht\u011bli, abych se u\u010dil, j\u00e1 jsem jim cht\u011bl ud\u011blat radost nebo m\u00edt aspo\u0148 pokoj, a tak jsem se u\u010dil. A by\u0165 m\u00e1m dodnes v\u00a0hlav\u011b plno zbyte\u010dnost\u00ed, kter\u00e9 mi nikdy k\u00a0ni\u010demu nebyly, nest\u011b\u017euji si. Proto\u017ee mi tam nezab\u00edraj\u00ed m\u00edsto a ned\u011blaj\u00ed mou hlavu t\u011b\u017ekou. Prost\u011b jsou tam n\u011bkde v\u00a0n\u011bjak\u00e9m \u0161upl\u00ed\u010dku. A n\u011bkdy se t\u0159eba hod\u00ed. T\u0159eba aspo\u0148 k\u00a0naps\u00e1n\u00ed tohoto \u010dl\u00e1nku.A jestli se mi n\u011bco nel\u00edb\u00ed, jsou to n\u00e1zory mnoha lid\u00ed, kte\u0159\u00ed se u\u017e po l\u00e9ta zasazuj\u00ed o to, aby se na\u0161e d\u011bti nep\u0159et\u011b\u017eovaly zbyte\u010dnostmi a neu\u010dily se to, co nebudou v\u00a0\u017eivot\u011b pot\u0159ebovat. Proto\u017ee co vy v\u00edte, co budou pot\u0159ebovat? A kdy\u017e pak n\u011bkdy nen\u00ed Google po ruce, jsou tyto d\u011bti bohu\u017eel hloup\u011bj\u0161\u00ed ne\u017e propadl\u00edci z\u00a0dob m\u00fdch \u0161koln\u00edch let.                                                                                                                                                                                                                                                                                                                                                                                                "},{"@context":"https:\/\/schema.org\/","@type":"BreadcrumbList","itemListElement":[{"@type":"ListItem","position":1,"name":"V hlav\u011b je m\u00edsta dost","item":"https:\/\/www.j-z-m.cz\/v-hlave-je-mista-dost\/#breadcrumbitem"}]}]