[{"@context":"https:\/\/schema.org\/","@type":"Article","@id":"https:\/\/www.j-z-m.cz\/touha-po-detech\/#Article","mainEntityOfPage":"https:\/\/www.j-z-m.cz\/touha-po-detech\/","headline":"Touha po d\u011btech","name":"Touha po d\u011btech","description":"Mysl\u00edte si, \u017ee kdy\u017e budete m\u00edt d\u011bti, \u017ee v\u00e1\u0161 \u017eivot bude \u0161\u0165astn\u011bj\u0161\u00ed a veselej\u0161\u00ed? Podle m\u00e9ho n\u00e1zoru ano. Kdy\u017e v\u00e1m ale \u0159eknu, \u017ee byly doby, [&hellip;]","datePublished":"2023-12-02","dateModified":"2023-12-02","author":{"@type":"Person","@id":"https:\/\/www.j-z-m.cz\/author\/#Person","name":"","url":"https:\/\/www.j-z-m.cz\/author\/","identifier":1,"image":{"@type":"ImageObject","@id":"https:\/\/secure.gravatar.com\/avatar\/e32c915fa5b274a4469e3ef5c1f9837e76577a60613858c5c8a74a3de98e33bc?s=96&d=mm&r=g","url":"https:\/\/secure.gravatar.com\/avatar\/e32c915fa5b274a4469e3ef5c1f9837e76577a60613858c5c8a74a3de98e33bc?s=96&d=mm&r=g","height":96,"width":96}},"publisher":{"@type":"Organization","name":"j-z-m.cz","logo":{"@type":"ImageObject","@id":"\/logo.png","url":"\/logo.png","width":600,"height":60}},"image":{"@type":"ImageObject","@id":"https:\/\/www.j-z-m.cz\/wp-content\/uploads\/child-7020051_1280.jpg","url":"https:\/\/www.j-z-m.cz\/wp-content\/uploads\/child-7020051_1280.jpg","height":0,"width":0},"url":"https:\/\/www.j-z-m.cz\/touha-po-detech\/","about":["D\u011bti"],"wordCount":437,"articleBody":"Mysl\u00edte si, \u017ee kdy\u017e budete m\u00edt d\u011bti, \u017ee v\u00e1\u0161 \u017eivot bude \u0161\u0165astn\u011bj\u0161\u00ed a veselej\u0161\u00ed? Podle m\u00e9ho n\u00e1zoru ano. Kdy\u017e v\u00e1m ale \u0159eknu, \u017ee byly doby, kdy j\u00e1 jsem si v\u016fbec nep\u0159edstavovala, \u017ee j\u00e1 bych n\u011bkdy m\u011bla m\u00edt d\u00edt\u011b, opravdu u\u017e jsem necht\u011bla m\u00edt d\u00edt\u011b. \u0158\u00edkala jsem si, \u017ee kdy\u017e vlastn\u011b budu sama a budu si st\u00e1le u\u017e\u00edvat \u017eivot\u00a0s kamar\u00e1dkami, \u017ee vlastn\u011b budu m\u00edt takov\u00fd \u0161\u0165astn\u00fd a vesel\u00fd \u017eivot, \u017ee vlastn\u011b ten m\u016fj \u017eivot bude opravdu bez n\u011bjak\u00fdch povinnost\u00ed a bez povinnosti pe\u010dovat o d\u00edt\u011b.\u00a0Mo\u017en\u00e1 pro n\u011bkoho\u00a0to je takov\u00e9 z\u00e1ke\u0159n\u00e9 anebo takov\u00e9 sobeck\u00e9.\u00a0Ano, d\u0159\u00edve jsem byla opravdu hodn\u011b sobeck\u00e1. D\u0159\u00edve jsem myslela jenom na sebe, ale pozd\u011bji, kdy\u017e jsem uvid\u011bla u sv\u00e9 kamar\u00e1dky, \u017ee m\u00e1 d\u00edt\u011b a jak je zamilovan\u00e1 do sv\u00e9ho d\u00edt\u011bte a jak m\u00e1 kr\u00e1sn\u011b rodinn\u00fd \u017eivot, tak jsem docela za\u010dala \u017e\u00e1rlit. N\u011bjak\u00e1 ta pochybnost v tom, \u017ee bych nem\u011bla m\u00edt d\u00edt\u011b opravdu zmizela, najednou jsem tak\u00e9 poci\u0165ovala, \u017ee mi za\u010d\u00ednaj\u00ed tikat biologick\u00e9 hodiny, \u017ee bych m\u011bla m\u00edt d\u00edt\u011b anebo dokonce v\u00edce d\u011bt\u00ed. Tohle jsem v\u016fbec nev\u011bd\u011bla. Netu\u0161ila jsem to. A\u00a0tak potom, kdy\u017e jsem potom po p\u011bti\u00a0letech na\u0161la partnera, se kter\u00fdm jsem to myslela\u00a0opravdu hodn\u011b v\u00e1\u017en\u011b, tak on mi \u0159ekl, jestli budu cht\u00edt m\u00edt tak\u00e9 d\u011bti. Chv\u00edli jsem nad t\u00edm uva\u017eovala a \u0159ekla jsem mu pravdu, \u017ee d\u0159\u00edve jsem d\u011bti v\u016fbec necht\u011bla. A kdy\u017e jsem potom vid\u011bla kamar\u00e1dku, jak se j\u00ed potom narodilo je\u0161t\u011b druh\u00e9\u00a0d\u00edt\u011b, tak jsem si \u0159ekla, \u017ee je asi na\u010dase m\u00edt d\u00edt\u011b, ale \u0159eknu v\u00e1m, \u017ee d\u00edt\u011b jsem opravdu cht\u011bla. Opravdu jsem si p\u0159\u00e1la m\u00edt d\u00edt\u011b. Mnoho lid\u00ed mi tohle ani nev\u011b\u0159\u00ed, \u017ee pr\u00fd \u017eena se\u00a0nem\u016f\u017ee\u0161 zm\u011bnit v tom, \u017ee kdy\u017e d\u011bti m\u00edt nechce, tak u\u017e je nikdy m\u00edt nebude, a ne \u017ee potom postupem \u010dasu u\u017e d\u011bti cht\u00edt bude. U m\u011b to takhle bylo a j\u00e1 se tomu docela div\u00edm, ale opravdu jsem si d\u00edt\u011b p\u0159\u00e1la. Nyn\u00ed m\u00e1m dv\u011b\u00a0d\u011bti, tak jsem opravdu hodn\u011b spokojen\u00e1. Jsem r\u00e1da, \u017ee jsem si po\u0159\u00eddila dv\u011b\u00a0d\u011bti, proto\u017ee bez d\u011bt\u00ed si to u\u017e absolutn\u011b nedok\u00e1\u017ei\u00a0p\u0159edstavit.                                                                                                                                                                                                                                                                                                                                                                                                "},{"@context":"https:\/\/schema.org\/","@type":"BreadcrumbList","itemListElement":[{"@type":"ListItem","position":1,"name":"Touha po d\u011btech","item":"https:\/\/www.j-z-m.cz\/touha-po-detech\/#breadcrumbitem"}]}]