[{"@context":"https:\/\/schema.org\/","@type":"Article","@id":"https:\/\/www.j-z-m.cz\/rizeni-bez-ridicaku\/#Article","mainEntityOfPage":"https:\/\/www.j-z-m.cz\/rizeni-bez-ridicaku\/","headline":"\u0158\u00edzen\u00ed bez \u0159idi\u010d\u00e1ku","name":"\u0158\u00edzen\u00ed bez \u0159idi\u010d\u00e1ku","description":"V dne\u0161n\u00ed dob\u011b je automobil opravdu hodn\u011b d\u016fle\u017eit\u00fd. Je v\u00e1\u017en\u011b hodn\u011b lid\u00ed, kte\u0159\u00ed vyu\u017e\u00edvaj\u00ed automobil k tomu, aby se dostali do zam\u011bstn\u00e1n\u00ed, nebo samoz\u0159ejm\u011b tak\u00e9 [&hellip;]","datePublished":"2024-01-28","dateModified":"2024-01-28","author":{"@type":"Person","@id":"https:\/\/www.j-z-m.cz\/author\/#Person","name":"","url":"https:\/\/www.j-z-m.cz\/author\/","identifier":1,"image":{"@type":"ImageObject","@id":"https:\/\/secure.gravatar.com\/avatar\/e32c915fa5b274a4469e3ef5c1f9837e76577a60613858c5c8a74a3de98e33bc?s=96&d=mm&r=g","url":"https:\/\/secure.gravatar.com\/avatar\/e32c915fa5b274a4469e3ef5c1f9837e76577a60613858c5c8a74a3de98e33bc?s=96&d=mm&r=g","height":96,"width":96}},"publisher":{"@type":"Organization","name":"j-z-m.cz","logo":{"@type":"ImageObject","@id":"\/logo.png","url":"\/logo.png","width":600,"height":60}},"image":{"@type":"ImageObject","@id":"https:\/\/www.j-z-m.cz\/wp-content\/uploads\/lotus-5407670_1280_5.jpg","url":"https:\/\/www.j-z-m.cz\/wp-content\/uploads\/lotus-5407670_1280_5.jpg","height":0,"width":0},"url":"https:\/\/www.j-z-m.cz\/rizeni-bez-ridicaku\/","about":["Moto"],"wordCount":449,"articleBody":"V dne\u0161n\u00ed dob\u011b je automobil opravdu hodn\u011b d\u016fle\u017eit\u00fd. Je v\u00e1\u017en\u011b hodn\u011b lid\u00ed, kte\u0159\u00ed vyu\u017e\u00edvaj\u00ed automobil k tomu, aby se dostali do zam\u011bstn\u00e1n\u00ed, nebo samoz\u0159ejm\u011b tak\u00e9 do \u0161koly. A to bych nebyla j\u00e1, abych si tak\u00e9 nep\u0159\u00e1la automobil, jenom\u017ee m\u011b se st\u00e1le neda\u0159\u00ed to, abych ud\u011blala \u0159idi\u010dsk\u00e9 opr\u00e1vn\u011bn\u00ed. A to znamen\u00e1, \u017ee kdy\u017e neud\u011bl\u00e1te \u0159idi\u010dsk\u00e9 opr\u00e1vn\u011bn\u00ed, tak logicky samoz\u0159ejm\u011b v\u016fbec nem\u016f\u017eu jezdit automobilem, tohle jednozna\u010dn\u011b nejde. Nem\u016f\u017eete \u0159\u00eddit auto, kdy\u017e nem\u00e1te \u0159idi\u010dsk\u00e9 opr\u00e1vn\u011bn\u00ed. Zn\u00e1m jednoho kluka, to byl vlastn\u011b m\u016fj b\u00fdval\u00fd partner. Kdy\u017e jsem byla je\u0161t\u011b teenager, bylo mi mysl\u00edm \u0161estn\u00e1ct nebo sedmn\u00e1ct let.On m\u011bl auta. A m\u011bl dva opravdu kr\u00e1sn\u00e1 auta a j\u00e1 jsem mu z\u00e1vid\u011bla, \u017ee m\u00e1 auta, ale myslela jsem si, \u017ee vlastn\u011b bude \u0159\u00eddit, a\u017e bude m\u00edt \u0159idi\u010dsk\u00e9 opr\u00e1vn\u011bn\u00ed. A\u017e jako osmn\u00e1ctilet\u00fd kluk si ud\u011bl\u00e1 opr\u00e1vn\u011bn\u00ed na auto, aby mohl \u0159\u00eddit. Jenom\u017ee jsem v\u016fbec netu\u0161ila, \u017ee on u\u017e \u0159\u00edd\u00ed takhle od sv\u00fdch patn\u00e1cti let. Byla jsem docela v \u0161oku, ale kdy\u017e jsem vid\u011bla, jak\u00e1 je to z\u00e1bava, kdy\u017e takhle mlad\u00fd kluk \u0159\u00edd\u00ed automobil, tak jsem moc r\u00e1da jezdila s n\u00edm, vych\u00e1zelo n\u00e1m to asi rok a p\u016fl a potom u\u017e n\u00e1s chytala jenom policie. M\u016fj partner z toho m\u011bl opravdu velik\u00e9 probl\u00e9my. A i kdy\u017e u\u017e v t\u00e9 dob\u011b mu bylo osmn\u00e1ct let a nem\u011bl v\u016fbec \u0159idi\u010dsk\u00e9 opr\u00e1vn\u011bn\u00ed, tak stejn\u011b z toho m\u011bl tak velik\u00e9 probl\u00e9my, \u017ee potom nakonec \u0161el do v\u011bzen\u00ed, proto\u017ee kdy\u017e byl v podm\u00ednce, a je\u0161t\u011b n\u011bkolikr\u00e1t utekl policii, tak samoz\u0159ejm\u011b, \u017ee \u0161el u\u017e na \u0161est m\u011bs\u00edc\u016f do v\u011bzen\u00ed. J\u00e1 jsem z toho byla opravdu hodn\u011b ne\u0161\u0165astn\u00e1, ale potom jsem si uv\u011bdomila, \u017ee vlastn\u011b takov\u00fdto vztah s takov\u00fdm klukem, kter\u00fd je lump, nem\u00e1 v\u016fbec absolutn\u011b \u017e\u00e1dnou cenu. Nem\u00e1 to \u017e\u00e1dnou budoucnost, a tak jsem si \u0159ekla, \u017ee vlastn\u011b je dob\u0159e, \u017ee ho zav\u0159eli do v\u011bzen\u00ed, proto\u017ee alespo\u0148 jsem si mohla ut\u0159\u00eddit my\u0161lenky a zjistila jsem, \u017ee takov\u00fdto kluk opravdu za nic nestoj\u00ed. Kdy\u017e jsem si potom j\u00e1 ud\u011blala kone\u010dn\u011b \u0159idi\u010dsk\u00e9 opr\u00e1vn\u011bn\u00ed, byla jsem za to r\u00e1da, ale st\u00e1le jsem m\u011bla v hlav\u011b to, \u017ee bych m\u011bla strach, kdyby m\u011b chytla policie, i kdybych v\u016fbec nic neud\u011blala.\u00a0                                                                                                                                                                                                                                                                                                                                                                                                "},{"@context":"https:\/\/schema.org\/","@type":"BreadcrumbList","itemListElement":[{"@type":"ListItem","position":1,"name":"\u0158\u00edzen\u00ed bez \u0159idi\u010d\u00e1ku","item":"https:\/\/www.j-z-m.cz\/rizeni-bez-ridicaku\/#breadcrumbitem"}]}]