[{"@context":"https:\/\/schema.org\/","@type":"Article","@id":"https:\/\/www.j-z-m.cz\/prodlouzeni-vlasu\/#Article","mainEntityOfPage":"https:\/\/www.j-z-m.cz\/prodlouzeni-vlasu\/","headline":"Prodlou\u017een\u00ed vlas\u016f","name":"Prodlou\u017een\u00ed vlas\u016f","description":"Vlasy tvo\u0159\u00ed n\u00e1\u0161 vzhled a pro mnoho \u017een i mu\u017e\u016f znamenaj\u00ed doslova v\u0161echno. Ne nadarmo se \u017eeny o sv\u00e9 vlasy staraj\u00ed nejr\u016fzn\u011bj\u0161\u00edmi zp\u016fsoby a nedopust\u00ed, [&hellip;]","datePublished":"2024-10-20","dateModified":"2024-10-20","author":{"@type":"Person","@id":"https:\/\/www.j-z-m.cz\/author\/#Person","name":"","url":"https:\/\/www.j-z-m.cz\/author\/","identifier":1,"image":{"@type":"ImageObject","@id":"https:\/\/secure.gravatar.com\/avatar\/e32c915fa5b274a4469e3ef5c1f9837e76577a60613858c5c8a74a3de98e33bc?s=96&d=mm&r=g","url":"https:\/\/secure.gravatar.com\/avatar\/e32c915fa5b274a4469e3ef5c1f9837e76577a60613858c5c8a74a3de98e33bc?s=96&d=mm&r=g","height":96,"width":96}},"publisher":{"@type":"Organization","name":"j-z-m.cz","logo":{"@type":"ImageObject","@id":"\/logo.png","url":"\/logo.png","width":600,"height":60}},"image":{"@type":"ImageObject","@id":"https:\/\/www.j-z-m.cz\/wp-content\/uploads\/woman-3299379_640_4.jpg","url":"https:\/\/www.j-z-m.cz\/wp-content\/uploads\/woman-3299379_640_4.jpg","height":0,"width":0},"url":"https:\/\/www.j-z-m.cz\/prodlouzeni-vlasu\/","about":["Spole\u010dnosti"],"wordCount":440,"articleBody":"      Vlasy tvo\u0159\u00ed n\u00e1\u0161 vzhled a pro mnoho \u017een i mu\u017e\u016f znamenaj\u00ed doslova v\u0161echno. Ne nadarmo se \u017eeny o sv\u00e9 vlasy staraj\u00ed nejr\u016fzn\u011bj\u0161\u00edmi zp\u016fsoby a nedopust\u00ed, aby ani jeden vl\u00e1sek byl mimo linii. To stejn\u00e9 v\u0161ak plat\u00ed i u mu\u017e\u016f. V dne\u0161n\u00ed dob\u011b se mnoho m\u016f\u017eu star\u00e1 o sv\u00e9 vlasy v\u00edce ne\u017e \u017eeny a bez mal\u00e9ho h\u0159eb\u00ednku by snad nevy\u0161li ani do ulic. To nen\u00ed \u0159e\u010d ani o tom, kolik spot\u0159ebuj\u00ed gelu nebo tu\u017eidla, aby vlasy dr\u017eely tak, jak si p\u0159edstavuj\u00ed. Ano \u010dtete spr\u00e1vn\u011b, n\u011bkte\u0159\u00ed mu\u017ei jsou mnohem hor\u0161\u00ed ne\u017e \u017eeny, co se t\u00fdk\u00e1 fint\u011bn\u00ed. Ka\u017ed\u00fd z n\u00e1s je jin\u00fd, a to se t\u00fdk\u00e1 i vlas\u016f, kter\u00e9 n\u00e1m narostou.N\u011bkdo m\u00e1 kudrny, n\u011bkdo leskl\u00e9 vlasy a n\u011bkdo ba naopak vlasy rovn\u00e9. Mnoho lidem se jejich p\u0159\u00edrodn\u00ed vzhled nel\u00edb\u00ed a cht\u011bj\u00ed ho zm\u011bnit v takov\u00fd, kter\u00fd si mysl\u00ed, \u017ee je mnohem hez\u010d\u00ed. V n\u011bkter\u00fdch p\u0159\u00edpadech je to sp\u00ed\u0161e o tom, \u017ee se v n\u011bk\u00fdm vzhl\u00e9dli nebo proto, \u017ee cht\u011bj\u00ed to, co nemaj\u00ed. A\u0165 je d\u016fvod jak\u00fdkoliv, tak v dne\u0161n\u00ed dob\u011b je na v\u0161echno \u0159e\u0161en\u00ed. Prodlou\u017een\u00ed a zahu\u0161t\u011bn\u00ed vlas\u016f je na denn\u00edm po\u0159\u00e1dku a rozhodn\u011b se za to nemus\u00edte styd\u011bt. R\u016fst a hustotu vlas\u016f stejn\u011b neovlivn\u00edte, a to ani v p\u0159\u00edpad\u011b toho, \u017ee utrat\u00edte nemal\u00e9 pen\u00edze za \u0161amp\u00f3ny a kondicion\u00e9ry, po kter\u00fdch by m\u011bly vlasy zhoustnout. Sp\u00ed\u0161e se jedn\u00e1 o placebo efekt, kter\u00fd v n\u011bkter\u00fdch p\u0159\u00edpadech opravdu zab\u00edr\u00e1 nebo alespo\u0148 si to dan\u00e9 osoby mysl\u00ed.Nikdy byste se v\u0161ak nem\u011bli styd\u011bt za to, \u017ee jdete na zahu\u0161t\u011bn\u00ed nebo prodlou\u017een\u00ed vlas\u016f. Jde jenom o to, jak\u00fd v\u00e1m sed\u00ed vzhled a je jen na v\u00e1s, co zvol\u00edte. Jen si vezm\u011bte fakt, \u017ee n\u011bkter\u00e9 celebrity m\u011bn\u00ed sv\u016fj vzhled skoro ka\u017ed\u00fd t\u00fdden a jen jim \u00fapln\u011b jedno, kdo si o tom, co mysl\u00ed. D\u016fle\u017eit\u00e9 je si uv\u011bdomit to, \u017ee si nesm\u00edte nic d\u011blat s \u0159e\u010d\u00ed ostatn\u00edch lid\u00ed. V\u017edy je dobr\u00e9 se rozhodnout podle sebe a zkr\u00e1\u0161lit se tak, jak se c\u00edt\u00edte dob\u0159e. Nikdo by v\u00e1m do toho nem\u011bl mluvit a pokud je to za v\u00e1s takto spr\u00e1vn\u00e9, tak do toho b\u011b\u017ete a st\u016fjte si za t\u00edm.                                                                                                                                                                                                                                                                                                                                                                                                  "},{"@context":"https:\/\/schema.org\/","@type":"BreadcrumbList","itemListElement":[{"@type":"ListItem","position":1,"name":"Prodlou\u017een\u00ed vlas\u016f","item":"https:\/\/www.j-z-m.cz\/prodlouzeni-vlasu\/#breadcrumbitem"}]}]