[{"@context":"https:\/\/schema.org\/","@type":"Blog","@id":"https:\/\/www.j-z-m.cz#Blog","headline":"J-Z-M","description":"\nStejn\u011b jako nen\u00ed podle lidov\u00e9 moudrosti na sv\u011bt\u011b bylina, kter\u00e1 by na n\u011bco nebyla, maj\u00ed i weby sv\u00e1 posl\u00e1n\u00ed. A t\u00edm na\u0161\u00edm je b\u00fdt lidem prosp\u011b\u0161n\u00ed.","url":"https:\/\/www.j-z-m.cz","hasPart":[{"@type":"Article","@id":"https:\/\/www.j-z-m.cz\/kvalitni-vysledky-s-aku-vrtackou-bosch\/","headline":"Kvalitn\u00ed v\u00fdsledky s aku vrta\u010dkou Bosch","url":"https:\/\/www.j-z-m.cz\/kvalitni-vysledky-s-aku-vrtackou-bosch\/","datePublished":"2023-09-30","dateModified":"2023-09-30","mainEntityOfPage":"https:\/\/www.j-z-m.cz\/kvalitni-vysledky-s-aku-vrtackou-bosch\/","author":{"@type":"Person","@id":"https:\/\/www.j-z-m.cz\/author\/#Person","name":"","url":"https:\/\/www.j-z-m.cz\/author\/","identifier":1,"image":{"@type":"ImageObject","@id":"https:\/\/secure.gravatar.com\/avatar\/e32c915fa5b274a4469e3ef5c1f9837e76577a60613858c5c8a74a3de98e33bc?s=96&d=mm&r=g","url":"https:\/\/secure.gravatar.com\/avatar\/e32c915fa5b274a4469e3ef5c1f9837e76577a60613858c5c8a74a3de98e33bc?s=96&d=mm&r=g","height":96,"width":96}},"publisher":{"@type":"Organization","name":"j-z-m.cz","logo":{"@type":"ImageObject","@id":"\/logo.png","url":"\/logo.png","width":600,"height":60}},"image":null,"wordCount":281,"keywords":null},{"@type":"Article","@id":"https:\/\/www.j-z-m.cz\/mycka-nadobi\/","headline":"My\u010dka n\u00e1dob\u00ed","url":"https:\/\/www.j-z-m.cz\/mycka-nadobi\/","datePublished":"2023-09-28","dateModified":"2024-06-04","mainEntityOfPage":"https:\/\/www.j-z-m.cz\/mycka-nadobi\/","author":{"@type":"Person","@id":"https:\/\/www.j-z-m.cz\/author\/#Person","name":"","url":"https:\/\/www.j-z-m.cz\/author\/","identifier":1,"image":{"@type":"ImageObject","@id":"https:\/\/secure.gravatar.com\/avatar\/e32c915fa5b274a4469e3ef5c1f9837e76577a60613858c5c8a74a3de98e33bc?s=96&d=mm&r=g","url":"https:\/\/secure.gravatar.com\/avatar\/e32c915fa5b274a4469e3ef5c1f9837e76577a60613858c5c8a74a3de98e33bc?s=96&d=mm&r=g","height":96,"width":96}},"publisher":{"@type":"Organization","name":"j-z-m.cz","logo":{"@type":"ImageObject","@id":"\/logo.png","url":"\/logo.png","width":600,"height":60}},"image":{"@type":"ImageObject","@id":"https:\/\/www.j-z-m.cz\/wp-content\/uploads\/orange-1776644_1280_1.jpg","url":"https:\/\/www.j-z-m.cz\/wp-content\/uploads\/orange-1776644_1280_1.jpg","height":0,"width":0},"wordCount":553,"keywords":null},{"@type":"Article","@id":"https:\/\/www.j-z-m.cz\/zij-naplno-sexualnim-touze\/","headline":"\u017dij naplno sexu\u00e1ln\u00edm touze","url":"https:\/\/www.j-z-m.cz\/zij-naplno-sexualnim-touze\/","datePublished":"2023-09-26","dateModified":"2023-09-26","mainEntityOfPage":"https:\/\/www.j-z-m.cz\/zij-naplno-sexualnim-touze\/","author":{"@type":"Person","@id":"https:\/\/www.j-z-m.cz\/author\/#Person","name":"","url":"https:\/\/www.j-z-m.cz\/author\/","identifier":1,"image":{"@type":"ImageObject","@id":"https:\/\/secure.gravatar.com\/avatar\/e32c915fa5b274a4469e3ef5c1f9837e76577a60613858c5c8a74a3de98e33bc?s=96&d=mm&r=g","url":"https:\/\/secure.gravatar.com\/avatar\/e32c915fa5b274a4469e3ef5c1f9837e76577a60613858c5c8a74a3de98e33bc?s=96&d=mm&r=g","height":96,"width":96}},"publisher":{"@type":"Organization","name":"j-z-m.cz","logo":{"@type":"ImageObject","@id":"\/logo.png","url":"\/logo.png","width":600,"height":60}},"image":{"@type":"ImageObject","@id":"https:\/\/www.j-z-m.cz\/wp-content\/uploads\/man-2563426_1280_7.jpg","url":"https:\/\/www.j-z-m.cz\/wp-content\/uploads\/man-2563426_1280_7.jpg","height":0,"width":0},"wordCount":573,"keywords":null},{"@type":"Article","@id":"https:\/\/www.j-z-m.cz\/zavody-na-motorce\/","headline":"Z\u00e1vody na motorce","url":"https:\/\/www.j-z-m.cz\/zavody-na-motorce\/","datePublished":"2023-08-19","dateModified":"2024-06-19","mainEntityOfPage":"https:\/\/www.j-z-m.cz\/zavody-na-motorce\/","author":{"@type":"Person","@id":"https:\/\/www.j-z-m.cz\/author\/#Person","name":"","url":"https:\/\/www.j-z-m.cz\/author\/","identifier":1,"image":{"@type":"ImageObject","@id":"https:\/\/secure.gravatar.com\/avatar\/e32c915fa5b274a4469e3ef5c1f9837e76577a60613858c5c8a74a3de98e33bc?s=96&d=mm&r=g","url":"https:\/\/secure.gravatar.com\/avatar\/e32c915fa5b274a4469e3ef5c1f9837e76577a60613858c5c8a74a3de98e33bc?s=96&d=mm&r=g","height":96,"width":96}},"publisher":{"@type":"Organization","name":"j-z-m.cz","logo":{"@type":"ImageObject","@id":"\/logo.png","url":"\/logo.png","width":600,"height":60}},"image":{"@type":"ImageObject","@id":"https:\/\/www.j-z-m.cz\/wp-content\/uploads\/motoring-794588_960_720.jpg","url":"https:\/\/www.j-z-m.cz\/wp-content\/uploads\/motoring-794588_960_720.jpg","height":0,"width":0},"wordCount":511,"keywords":null},{"@type":"Article","@id":"https:\/\/www.j-z-m.cz\/snadno-a-rychle\/","headline":"Snadno a rychle","url":"https:\/\/www.j-z-m.cz\/snadno-a-rychle\/","datePublished":"2023-08-19","dateModified":"2023-08-19","mainEntityOfPage":"https:\/\/www.j-z-m.cz\/snadno-a-rychle\/","author":{"@type":"Person","@id":"https:\/\/www.j-z-m.cz\/author\/#Person","name":"","url":"https:\/\/www.j-z-m.cz\/author\/","identifier":1,"image":{"@type":"ImageObject","@id":"https:\/\/secure.gravatar.com\/avatar\/e32c915fa5b274a4469e3ef5c1f9837e76577a60613858c5c8a74a3de98e33bc?s=96&d=mm&r=g","url":"https:\/\/secure.gravatar.com\/avatar\/e32c915fa5b274a4469e3ef5c1f9837e76577a60613858c5c8a74a3de98e33bc?s=96&d=mm&r=g","height":96,"width":96}},"publisher":{"@type":"Organization","name":"j-z-m.cz","logo":{"@type":"ImageObject","@id":"\/logo.png","url":"\/logo.png","width":600,"height":60}},"image":null,"wordCount":278,"keywords":null},{"@type":"Article","@id":"https:\/\/www.j-z-m.cz\/jak-schoeller-allibert-pomaha\/","headline":"Jak Schoeller Allibert  pom\u00e1h\u00e1.","url":"https:\/\/www.j-z-m.cz\/jak-schoeller-allibert-pomaha\/","datePublished":"2023-07-21","dateModified":"2023-07-21","mainEntityOfPage":"https:\/\/www.j-z-m.cz\/jak-schoeller-allibert-pomaha\/","author":{"@type":"Person","@id":"https:\/\/www.j-z-m.cz\/author\/#Person","name":"","url":"https:\/\/www.j-z-m.cz\/author\/","identifier":1,"image":{"@type":"ImageObject","@id":"https:\/\/secure.gravatar.com\/avatar\/e32c915fa5b274a4469e3ef5c1f9837e76577a60613858c5c8a74a3de98e33bc?s=96&d=mm&r=g","url":"https:\/\/secure.gravatar.com\/avatar\/e32c915fa5b274a4469e3ef5c1f9837e76577a60613858c5c8a74a3de98e33bc?s=96&d=mm&r=g","height":96,"width":96}},"publisher":{"@type":"Organization","name":"j-z-m.cz","logo":{"@type":"ImageObject","@id":"\/logo.png","url":"\/logo.png","width":600,"height":60}},"image":{"@type":"ImageObject","@id":"https:\/\/www.j-z-m.cz\/wp-content\/uploads\/containers-1314619_1280.jpg","url":"https:\/\/www.j-z-m.cz\/wp-content\/uploads\/containers-1314619_1280.jpg","height":0,"width":0},"wordCount":539,"keywords":null},{"@type":"Article","@id":"https:\/\/www.j-z-m.cz\/chytry-tablet\/","headline":"Chytr\u00fd tablet","url":"https:\/\/www.j-z-m.cz\/chytry-tablet\/","datePublished":"2023-07-20","dateModified":"2024-06-20","mainEntityOfPage":"https:\/\/www.j-z-m.cz\/chytry-tablet\/","author":{"@type":"Person","@id":"https:\/\/www.j-z-m.cz\/author\/#Person","name":"","url":"https:\/\/www.j-z-m.cz\/author\/","identifier":1,"image":{"@type":"ImageObject","@id":"https:\/\/secure.gravatar.com\/avatar\/e32c915fa5b274a4469e3ef5c1f9837e76577a60613858c5c8a74a3de98e33bc?s=96&d=mm&r=g","url":"https:\/\/secure.gravatar.com\/avatar\/e32c915fa5b274a4469e3ef5c1f9837e76577a60613858c5c8a74a3de98e33bc?s=96&d=mm&r=g","height":96,"width":96}},"publisher":{"@type":"Organization","name":"j-z-m.cz","logo":{"@type":"ImageObject","@id":"\/logo.png","url":"\/logo.png","width":600,"height":60}},"image":{"@type":"ImageObject","@id":"https:\/\/www.j-z-m.cz\/wp-content\/uploads\/hands-820272_640_5.jpg","url":"https:\/\/www.j-z-m.cz\/wp-content\/uploads\/hands-820272_640_5.jpg","height":0,"width":0},"wordCount":541,"keywords":null},{"@type":"Article","@id":"https:\/\/www.j-z-m.cz\/pro-krasu-tela-a-posileni-ducha\/","headline":"Pro kr\u00e1su t\u011bla a pos\u00edlen\u00ed ducha","url":"https:\/\/www.j-z-m.cz\/pro-krasu-tela-a-posileni-ducha\/","datePublished":"2023-07-16","dateModified":"2023-07-16","mainEntityOfPage":"https:\/\/www.j-z-m.cz\/pro-krasu-tela-a-posileni-ducha\/","author":{"@type":"Person","@id":"https:\/\/www.j-z-m.cz\/author\/#Person","name":"","url":"https:\/\/www.j-z-m.cz\/author\/","identifier":1,"image":{"@type":"ImageObject","@id":"https:\/\/secure.gravatar.com\/avatar\/e32c915fa5b274a4469e3ef5c1f9837e76577a60613858c5c8a74a3de98e33bc?s=96&d=mm&r=g","url":"https:\/\/secure.gravatar.com\/avatar\/e32c915fa5b274a4469e3ef5c1f9837e76577a60613858c5c8a74a3de98e33bc?s=96&d=mm&r=g","height":96,"width":96}},"publisher":{"@type":"Organization","name":"j-z-m.cz","logo":{"@type":"ImageObject","@id":"\/logo.png","url":"\/logo.png","width":600,"height":60}},"image":null,"wordCount":290,"keywords":null},{"@type":"Article","@id":"https:\/\/www.j-z-m.cz\/je-barva-auta-skutecne-dulezita\/","headline":"Je barva auta skute\u010dn\u011b d\u016fle\u017eit\u00e1?","url":"https:\/\/www.j-z-m.cz\/je-barva-auta-skutecne-dulezita\/","datePublished":"2023-07-03","dateModified":"2024-06-04","mainEntityOfPage":"https:\/\/www.j-z-m.cz\/je-barva-auta-skutecne-dulezita\/","author":{"@type":"Person","@id":"https:\/\/www.j-z-m.cz\/author\/#Person","name":"","url":"https:\/\/www.j-z-m.cz\/author\/","identifier":1,"image":{"@type":"ImageObject","@id":"https:\/\/secure.gravatar.com\/avatar\/e32c915fa5b274a4469e3ef5c1f9837e76577a60613858c5c8a74a3de98e33bc?s=96&d=mm&r=g","url":"https:\/\/secure.gravatar.com\/avatar\/e32c915fa5b274a4469e3ef5c1f9837e76577a60613858c5c8a74a3de98e33bc?s=96&d=mm&r=g","height":96,"width":96}},"publisher":{"@type":"Organization","name":"j-z-m.cz","logo":{"@type":"ImageObject","@id":"\/logo.png","url":"\/logo.png","width":600,"height":60}},"image":{"@type":"ImageObject","@id":"https:\/\/www.j-z-m.cz\/wp-content\/uploads\/auto8_10_10_10_6.jpg","url":"https:\/\/www.j-z-m.cz\/wp-content\/uploads\/auto8_10_10_10_6.jpg","height":0,"width":0},"wordCount":536,"keywords":null},{"@type":"Article","@id":"https:\/\/www.j-z-m.cz\/kultura-pro-vsechny\/","headline":"Kultura pro v\u0161echny","url":"https:\/\/www.j-z-m.cz\/kultura-pro-vsechny\/","datePublished":"2023-06-30","dateModified":"2024-06-04","mainEntityOfPage":"https:\/\/www.j-z-m.cz\/kultura-pro-vsechny\/","author":{"@type":"Person","@id":"https:\/\/www.j-z-m.cz\/author\/#Person","name":"","url":"https:\/\/www.j-z-m.cz\/author\/","identifier":1,"image":{"@type":"ImageObject","@id":"https:\/\/secure.gravatar.com\/avatar\/e32c915fa5b274a4469e3ef5c1f9837e76577a60613858c5c8a74a3de98e33bc?s=96&d=mm&r=g","url":"https:\/\/secure.gravatar.com\/avatar\/e32c915fa5b274a4469e3ef5c1f9837e76577a60613858c5c8a74a3de98e33bc?s=96&d=mm&r=g","height":96,"width":96}},"publisher":{"@type":"Organization","name":"j-z-m.cz","logo":{"@type":"ImageObject","@id":"\/logo.png","url":"\/logo.png","width":600,"height":60}},"image":{"@type":"ImageObject","@id":"https:\/\/www.j-z-m.cz\/wp-content\/uploads\/garden-2040714_960_720.jpg","url":"https:\/\/www.j-z-m.cz\/wp-content\/uploads\/garden-2040714_960_720.jpg","height":0,"width":0},"wordCount":548,"keywords":null}]},{"@context":"https:\/\/schema.org","@type":"WebSite","@id":"https:\/\/www.j-z-m.cz\/#website","name":"J-Z-M","url":"https:\/\/www.j-z-m.cz","potentialAction":{"@type":"SearchAction","target":"https:\/\/www.j-z-m.cz\/?s={search_term_string}","query-input":"required name=search_term_string"}}]