[{"@context":"https:\/\/schema.org\/","@type":"Blog","@id":"https:\/\/www.j-z-m.cz#Blog","headline":"J-Z-M","description":"\nStejn\u011b jako nen\u00ed podle lidov\u00e9 moudrosti na sv\u011bt\u011b bylina, kter\u00e1 by na n\u011bco nebyla, maj\u00ed i weby sv\u00e1 posl\u00e1n\u00ed. A t\u00edm na\u0161\u00edm je b\u00fdt lidem prosp\u011b\u0161n\u00ed.","url":"https:\/\/www.j-z-m.cz","hasPart":[{"@type":"Article","@id":"https:\/\/www.j-z-m.cz\/muzeme-verit-modnim-casopisum\/","headline":"M\u016f\u017eeme v\u011b\u0159it m\u00f3dn\u00edm \u010dasopis\u016fm?","url":"https:\/\/www.j-z-m.cz\/muzeme-verit-modnim-casopisum\/","datePublished":"2023-12-31","dateModified":"2023-12-31","mainEntityOfPage":"https:\/\/www.j-z-m.cz\/muzeme-verit-modnim-casopisum\/","author":{"@type":"Person","@id":"https:\/\/www.j-z-m.cz\/author\/#Person","name":"","url":"https:\/\/www.j-z-m.cz\/author\/","identifier":1,"image":{"@type":"ImageObject","@id":"https:\/\/secure.gravatar.com\/avatar\/e32c915fa5b274a4469e3ef5c1f9837e76577a60613858c5c8a74a3de98e33bc?s=96&d=mm&r=g","url":"https:\/\/secure.gravatar.com\/avatar\/e32c915fa5b274a4469e3ef5c1f9837e76577a60613858c5c8a74a3de98e33bc?s=96&d=mm&r=g","height":96,"width":96}},"publisher":{"@type":"Organization","name":"j-z-m.cz","logo":{"@type":"ImageObject","@id":"\/logo.png","url":"\/logo.png","width":600,"height":60}},"image":{"@type":"ImageObject","@id":"https:\/\/www.j-z-m.cz\/wp-content\/uploads\/moda1_6.png","url":"https:\/\/www.j-z-m.cz\/wp-content\/uploads\/moda1_6.png","height":0,"width":0},"wordCount":561,"keywords":null},{"@type":"Article","@id":"https:\/\/www.j-z-m.cz\/pohodlne-sezeni\/","headline":"Pohodln\u00e9 sezen\u00ed","url":"https:\/\/www.j-z-m.cz\/pohodlne-sezeni\/","datePublished":"2023-12-29","dateModified":"2023-12-29","mainEntityOfPage":"https:\/\/www.j-z-m.cz\/pohodlne-sezeni\/","author":{"@type":"Person","@id":"https:\/\/www.j-z-m.cz\/author\/#Person","name":"","url":"https:\/\/www.j-z-m.cz\/author\/","identifier":1,"image":{"@type":"ImageObject","@id":"https:\/\/secure.gravatar.com\/avatar\/e32c915fa5b274a4469e3ef5c1f9837e76577a60613858c5c8a74a3de98e33bc?s=96&d=mm&r=g","url":"https:\/\/secure.gravatar.com\/avatar\/e32c915fa5b274a4469e3ef5c1f9837e76577a60613858c5c8a74a3de98e33bc?s=96&d=mm&r=g","height":96,"width":96}},"publisher":{"@type":"Organization","name":"j-z-m.cz","logo":{"@type":"ImageObject","@id":"\/logo.png","url":"\/logo.png","width":600,"height":60}},"image":{"@type":"ImageObject","@id":"https:\/\/www.j-z-m.cz\/wp-content\/uploads\/tables-2181979_1280.jpg","url":"https:\/\/www.j-z-m.cz\/wp-content\/uploads\/tables-2181979_1280.jpg","height":0,"width":0},"wordCount":535,"keywords":null},{"@type":"Article","@id":"https:\/\/www.j-z-m.cz\/maji-exoticke-festivaly-jeste-smysl\/","headline":"Maj\u00ed exotick\u00e9 festivaly je\u0161t\u011b smysl?","url":"https:\/\/www.j-z-m.cz\/maji-exoticke-festivaly-jeste-smysl\/","datePublished":"2023-12-08","dateModified":"2023-12-08","mainEntityOfPage":"https:\/\/www.j-z-m.cz\/maji-exoticke-festivaly-jeste-smysl\/","author":{"@type":"Person","@id":"https:\/\/www.j-z-m.cz\/author\/#Person","name":"","url":"https:\/\/www.j-z-m.cz\/author\/","identifier":1,"image":{"@type":"ImageObject","@id":"https:\/\/secure.gravatar.com\/avatar\/e32c915fa5b274a4469e3ef5c1f9837e76577a60613858c5c8a74a3de98e33bc?s=96&d=mm&r=g","url":"https:\/\/secure.gravatar.com\/avatar\/e32c915fa5b274a4469e3ef5c1f9837e76577a60613858c5c8a74a3de98e33bc?s=96&d=mm&r=g","height":96,"width":96}},"publisher":{"@type":"Organization","name":"j-z-m.cz","logo":{"@type":"ImageObject","@id":"\/logo.png","url":"\/logo.png","width":600,"height":60}},"image":{"@type":"ImageObject","@id":"https:\/\/www.j-z-m.cz\/wp-content\/uploads\/kultura6_9.jpg","url":"https:\/\/www.j-z-m.cz\/wp-content\/uploads\/kultura6_9.jpg","height":0,"width":0},"wordCount":555,"keywords":null},{"@type":"Article","@id":"https:\/\/www.j-z-m.cz\/mejte-svoje-oblibene-filmy-vzdy-k-dispozici\/","headline":"M\u011bjte svoje obl\u00edben\u00e9 filmy v\u017edy k dispozici","url":"https:\/\/www.j-z-m.cz\/mejte-svoje-oblibene-filmy-vzdy-k-dispozici\/","datePublished":"2023-12-07","dateModified":"2023-12-07","mainEntityOfPage":"https:\/\/www.j-z-m.cz\/mejte-svoje-oblibene-filmy-vzdy-k-dispozici\/","author":{"@type":"Person","@id":"https:\/\/www.j-z-m.cz\/author\/#Person","name":"","url":"https:\/\/www.j-z-m.cz\/author\/","identifier":1,"image":{"@type":"ImageObject","@id":"https:\/\/secure.gravatar.com\/avatar\/e32c915fa5b274a4469e3ef5c1f9837e76577a60613858c5c8a74a3de98e33bc?s=96&d=mm&r=g","url":"https:\/\/secure.gravatar.com\/avatar\/e32c915fa5b274a4469e3ef5c1f9837e76577a60613858c5c8a74a3de98e33bc?s=96&d=mm&r=g","height":96,"width":96}},"publisher":{"@type":"Organization","name":"j-z-m.cz","logo":{"@type":"ImageObject","@id":"\/logo.png","url":"\/logo.png","width":600,"height":60}},"image":null,"wordCount":279,"keywords":null},{"@type":"Article","@id":"https:\/\/www.j-z-m.cz\/do-kolika-let-by-melo-dite-byt-v-detske-sedacce\/","headline":"Do kolika let by m\u011blo d\u00edt\u011b b\u00fdt v d\u011btsk\u00e9 seda\u010dce","url":"https:\/\/www.j-z-m.cz\/do-kolika-let-by-melo-dite-byt-v-detske-sedacce\/","datePublished":"2023-12-04","dateModified":"2023-12-04","mainEntityOfPage":"https:\/\/www.j-z-m.cz\/do-kolika-let-by-melo-dite-byt-v-detske-sedacce\/","author":{"@type":"Person","@id":"https:\/\/www.j-z-m.cz\/author\/#Person","name":"","url":"https:\/\/www.j-z-m.cz\/author\/","identifier":1,"image":{"@type":"ImageObject","@id":"https:\/\/secure.gravatar.com\/avatar\/e32c915fa5b274a4469e3ef5c1f9837e76577a60613858c5c8a74a3de98e33bc?s=96&d=mm&r=g","url":"https:\/\/secure.gravatar.com\/avatar\/e32c915fa5b274a4469e3ef5c1f9837e76577a60613858c5c8a74a3de98e33bc?s=96&d=mm&r=g","height":96,"width":96}},"publisher":{"@type":"Organization","name":"j-z-m.cz","logo":{"@type":"ImageObject","@id":"\/logo.png","url":"\/logo.png","width":600,"height":60}},"image":{"@type":"ImageObject","@id":"https:\/\/www.j-z-m.cz\/wp-content\/uploads\/auto16_7.png","url":"https:\/\/www.j-z-m.cz\/wp-content\/uploads\/auto16_7.png","height":0,"width":0},"wordCount":573,"keywords":null},{"@type":"Article","@id":"https:\/\/www.j-z-m.cz\/touha-po-detech\/","headline":"Touha po d\u011btech","url":"https:\/\/www.j-z-m.cz\/touha-po-detech\/","datePublished":"2023-12-02","dateModified":"2023-12-02","mainEntityOfPage":"https:\/\/www.j-z-m.cz\/touha-po-detech\/","author":{"@type":"Person","@id":"https:\/\/www.j-z-m.cz\/author\/#Person","name":"","url":"https:\/\/www.j-z-m.cz\/author\/","identifier":1,"image":{"@type":"ImageObject","@id":"https:\/\/secure.gravatar.com\/avatar\/e32c915fa5b274a4469e3ef5c1f9837e76577a60613858c5c8a74a3de98e33bc?s=96&d=mm&r=g","url":"https:\/\/secure.gravatar.com\/avatar\/e32c915fa5b274a4469e3ef5c1f9837e76577a60613858c5c8a74a3de98e33bc?s=96&d=mm&r=g","height":96,"width":96}},"publisher":{"@type":"Organization","name":"j-z-m.cz","logo":{"@type":"ImageObject","@id":"\/logo.png","url":"\/logo.png","width":600,"height":60}},"image":{"@type":"ImageObject","@id":"https:\/\/www.j-z-m.cz\/wp-content\/uploads\/child-7020051_1280.jpg","url":"https:\/\/www.j-z-m.cz\/wp-content\/uploads\/child-7020051_1280.jpg","height":0,"width":0},"wordCount":540,"keywords":null},{"@type":"Article","@id":"https:\/\/www.j-z-m.cz\/sexy-puvabna-kazda-zena\/","headline":"Sexy p\u016fvabn\u00e1 ka\u017ed\u00e1 \u017eena","url":"https:\/\/www.j-z-m.cz\/sexy-puvabna-kazda-zena\/","datePublished":"2023-11-29","dateModified":"2023-11-29","mainEntityOfPage":"https:\/\/www.j-z-m.cz\/sexy-puvabna-kazda-zena\/","author":{"@type":"Person","@id":"https:\/\/www.j-z-m.cz\/author\/#Person","name":"","url":"https:\/\/www.j-z-m.cz\/author\/","identifier":1,"image":{"@type":"ImageObject","@id":"https:\/\/secure.gravatar.com\/avatar\/e32c915fa5b274a4469e3ef5c1f9837e76577a60613858c5c8a74a3de98e33bc?s=96&d=mm&r=g","url":"https:\/\/secure.gravatar.com\/avatar\/e32c915fa5b274a4469e3ef5c1f9837e76577a60613858c5c8a74a3de98e33bc?s=96&d=mm&r=g","height":96,"width":96}},"publisher":{"@type":"Organization","name":"j-z-m.cz","logo":{"@type":"ImageObject","@id":"\/logo.png","url":"\/logo.png","width":600,"height":60}},"image":{"@type":"ImageObject","@id":"https:\/\/www.j-z-m.cz\/wp-content\/uploads\/jeans-1234687_1280_5.jpg","url":"https:\/\/www.j-z-m.cz\/wp-content\/uploads\/jeans-1234687_1280_5.jpg","height":0,"width":0},"wordCount":559,"keywords":null},{"@type":"Article","@id":"https:\/\/www.j-z-m.cz\/proc-je-vyhodne-usporadat-svatebni-oslavu-v-exterieru\/","headline":"Pro\u010d je v\u00fdhodn\u00e9 uspo\u0159\u00e1dat svatebn\u00ed oslavu v exteri\u00e9ru","url":"https:\/\/www.j-z-m.cz\/proc-je-vyhodne-usporadat-svatebni-oslavu-v-exterieru\/","datePublished":"2023-11-21","dateModified":"2023-11-21","mainEntityOfPage":"https:\/\/www.j-z-m.cz\/proc-je-vyhodne-usporadat-svatebni-oslavu-v-exterieru\/","author":{"@type":"Person","@id":"https:\/\/www.j-z-m.cz\/author\/#Person","name":"","url":"https:\/\/www.j-z-m.cz\/author\/","identifier":1,"image":{"@type":"ImageObject","@id":"https:\/\/secure.gravatar.com\/avatar\/e32c915fa5b274a4469e3ef5c1f9837e76577a60613858c5c8a74a3de98e33bc?s=96&d=mm&r=g","url":"https:\/\/secure.gravatar.com\/avatar\/e32c915fa5b274a4469e3ef5c1f9837e76577a60613858c5c8a74a3de98e33bc?s=96&d=mm&r=g","height":96,"width":96}},"publisher":{"@type":"Organization","name":"j-z-m.cz","logo":{"@type":"ImageObject","@id":"\/logo.png","url":"\/logo.png","width":600,"height":60}},"image":{"@type":"ImageObject","@id":"https:\/\/www.j-z-m.cz\/wp-content\/uploads\/wedding-1070209_640_7.jpg","url":"https:\/\/www.j-z-m.cz\/wp-content\/uploads\/wedding-1070209_640_7.jpg","height":0,"width":0},"wordCount":551,"keywords":null},{"@type":"Article","@id":"https:\/\/www.j-z-m.cz\/vypinac-ktery-nese-jmeno-schneider\/","headline":"Vyp\u00edna\u010d, kter\u00fd nese jm\u00e9no Schneider","url":"https:\/\/www.j-z-m.cz\/vypinac-ktery-nese-jmeno-schneider\/","datePublished":"2023-10-31","dateModified":"2023-10-31","mainEntityOfPage":"https:\/\/www.j-z-m.cz\/vypinac-ktery-nese-jmeno-schneider\/","author":{"@type":"Person","@id":"https:\/\/www.j-z-m.cz\/author\/#Person","name":"","url":"https:\/\/www.j-z-m.cz\/author\/","identifier":1,"image":{"@type":"ImageObject","@id":"https:\/\/secure.gravatar.com\/avatar\/e32c915fa5b274a4469e3ef5c1f9837e76577a60613858c5c8a74a3de98e33bc?s=96&d=mm&r=g","url":"https:\/\/secure.gravatar.com\/avatar\/e32c915fa5b274a4469e3ef5c1f9837e76577a60613858c5c8a74a3de98e33bc?s=96&d=mm&r=g","height":96,"width":96}},"publisher":{"@type":"Organization","name":"j-z-m.cz","logo":{"@type":"ImageObject","@id":"\/logo.png","url":"\/logo.png","width":600,"height":60}},"image":null,"wordCount":277,"keywords":null},{"@type":"Article","@id":"https:\/\/www.j-z-m.cz\/deti-jako-smeti\/","headline":"D\u011bt\u00ed jako smet\u00ed","url":"https:\/\/www.j-z-m.cz\/deti-jako-smeti\/","datePublished":"2023-10-30","dateModified":"2023-10-30","mainEntityOfPage":"https:\/\/www.j-z-m.cz\/deti-jako-smeti\/","author":{"@type":"Person","@id":"https:\/\/www.j-z-m.cz\/author\/#Person","name":"","url":"https:\/\/www.j-z-m.cz\/author\/","identifier":1,"image":{"@type":"ImageObject","@id":"https:\/\/secure.gravatar.com\/avatar\/e32c915fa5b274a4469e3ef5c1f9837e76577a60613858c5c8a74a3de98e33bc?s=96&d=mm&r=g","url":"https:\/\/secure.gravatar.com\/avatar\/e32c915fa5b274a4469e3ef5c1f9837e76577a60613858c5c8a74a3de98e33bc?s=96&d=mm&r=g","height":96,"width":96}},"publisher":{"@type":"Organization","name":"j-z-m.cz","logo":{"@type":"ImageObject","@id":"\/logo.png","url":"\/logo.png","width":600,"height":60}},"image":{"@type":"ImageObject","@id":"https:\/\/www.j-z-m.cz\/wp-content\/uploads\/kids-2835431_1280.jpg","url":"https:\/\/www.j-z-m.cz\/wp-content\/uploads\/kids-2835431_1280.jpg","height":0,"width":0},"wordCount":578,"keywords":null}]},{"@context":"https:\/\/schema.org","@type":"WebSite","@id":"https:\/\/www.j-z-m.cz\/#website","name":"J-Z-M","url":"https:\/\/www.j-z-m.cz","potentialAction":{"@type":"SearchAction","target":"https:\/\/www.j-z-m.cz\/?s={search_term_string}","query-input":"required name=search_term_string"}}]