[{"@context":"https:\/\/schema.org\/","@type":"Blog","@id":"https:\/\/www.j-z-m.cz#Blog","headline":"J-Z-M","description":"\nStejn\u011b jako nen\u00ed podle lidov\u00e9 moudrosti na sv\u011bt\u011b bylina, kter\u00e1 by na n\u011bco nebyla, maj\u00ed i weby sv\u00e1 posl\u00e1n\u00ed. A t\u00edm na\u0161\u00edm je b\u00fdt lidem prosp\u011b\u0161n\u00ed.","url":"https:\/\/www.j-z-m.cz","hasPart":[{"@type":"Article","@id":"https:\/\/www.j-z-m.cz\/testosteron-pro-muze\/","headline":"Testosteron pro mu\u017ee","url":"https:\/\/www.j-z-m.cz\/testosteron-pro-muze\/","datePublished":"2024-04-22","dateModified":"2024-05-24","mainEntityOfPage":"https:\/\/www.j-z-m.cz\/testosteron-pro-muze\/","author":{"@type":"Person","@id":"https:\/\/www.j-z-m.cz\/author\/#Person","name":"","url":"https:\/\/www.j-z-m.cz\/author\/","identifier":1,"image":{"@type":"ImageObject","@id":"https:\/\/secure.gravatar.com\/avatar\/e32c915fa5b274a4469e3ef5c1f9837e76577a60613858c5c8a74a3de98e33bc?s=96&d=mm&r=g","url":"https:\/\/secure.gravatar.com\/avatar\/e32c915fa5b274a4469e3ef5c1f9837e76577a60613858c5c8a74a3de98e33bc?s=96&d=mm&r=g","height":96,"width":96}},"publisher":{"@type":"Organization","name":"j-z-m.cz","logo":{"@type":"ImageObject","@id":"\/logo.png","url":"\/logo.png","width":600,"height":60}},"image":{"@type":"ImageObject","@id":"https:\/\/www.j-z-m.cz\/wp-content\/uploads\/ecg-1953179_960_720_3.jpg","url":"https:\/\/www.j-z-m.cz\/wp-content\/uploads\/ecg-1953179_960_720_3.jpg","height":0,"width":0},"wordCount":529,"keywords":null},{"@type":"Article","@id":"https:\/\/www.j-z-m.cz\/automobil-z-bazaru\/","headline":"Automobil z bazaru","url":"https:\/\/www.j-z-m.cz\/automobil-z-bazaru\/","datePublished":"2024-04-19","dateModified":"2024-06-19","mainEntityOfPage":"https:\/\/www.j-z-m.cz\/automobil-z-bazaru\/","author":{"@type":"Person","@id":"https:\/\/www.j-z-m.cz\/author\/#Person","name":"","url":"https:\/\/www.j-z-m.cz\/author\/","identifier":1,"image":{"@type":"ImageObject","@id":"https:\/\/secure.gravatar.com\/avatar\/e32c915fa5b274a4469e3ef5c1f9837e76577a60613858c5c8a74a3de98e33bc?s=96&d=mm&r=g","url":"https:\/\/secure.gravatar.com\/avatar\/e32c915fa5b274a4469e3ef5c1f9837e76577a60613858c5c8a74a3de98e33bc?s=96&d=mm&r=g","height":96,"width":96}},"publisher":{"@type":"Organization","name":"j-z-m.cz","logo":{"@type":"ImageObject","@id":"\/logo.png","url":"\/logo.png","width":600,"height":60}},"image":{"@type":"ImageObject","@id":"https:\/\/www.j-z-m.cz\/wp-content\/uploads\/auto-3665406_960_720.jpg","url":"https:\/\/www.j-z-m.cz\/wp-content\/uploads\/auto-3665406_960_720.jpg","height":0,"width":0},"wordCount":502,"keywords":null},{"@type":"Article","@id":"https:\/\/www.j-z-m.cz\/nakup-auta\/","headline":"N\u00e1kup auta","url":"https:\/\/www.j-z-m.cz\/nakup-auta\/","datePublished":"2024-04-18","dateModified":"2024-04-18","mainEntityOfPage":"https:\/\/www.j-z-m.cz\/nakup-auta\/","author":{"@type":"Person","@id":"https:\/\/www.j-z-m.cz\/author\/#Person","name":"","url":"https:\/\/www.j-z-m.cz\/author\/","identifier":1,"image":{"@type":"ImageObject","@id":"https:\/\/secure.gravatar.com\/avatar\/e32c915fa5b274a4469e3ef5c1f9837e76577a60613858c5c8a74a3de98e33bc?s=96&d=mm&r=g","url":"https:\/\/secure.gravatar.com\/avatar\/e32c915fa5b274a4469e3ef5c1f9837e76577a60613858c5c8a74a3de98e33bc?s=96&d=mm&r=g","height":96,"width":96}},"publisher":{"@type":"Organization","name":"j-z-m.cz","logo":{"@type":"ImageObject","@id":"\/logo.png","url":"\/logo.png","width":600,"height":60}},"image":{"@type":"ImageObject","@id":"https:\/\/www.j-z-m.cz\/wp-content\/uploads\/ferrari-360-2918130_960_720.jpg","url":"https:\/\/www.j-z-m.cz\/wp-content\/uploads\/ferrari-360-2918130_960_720.jpg","height":0,"width":0},"wordCount":534,"keywords":null},{"@type":"Article","@id":"https:\/\/www.j-z-m.cz\/firma-color-factory-je-profesionalem-na-potisky\/","headline":"Firma Color Factory je profesion\u00e1lem na potisky","url":"https:\/\/www.j-z-m.cz\/firma-color-factory-je-profesionalem-na-potisky\/","datePublished":"2024-04-08","dateModified":"2024-04-08","mainEntityOfPage":"https:\/\/www.j-z-m.cz\/firma-color-factory-je-profesionalem-na-potisky\/","author":{"@type":"Person","@id":"https:\/\/www.j-z-m.cz\/author\/#Person","name":"","url":"https:\/\/www.j-z-m.cz\/author\/","identifier":1,"image":{"@type":"ImageObject","@id":"https:\/\/secure.gravatar.com\/avatar\/e32c915fa5b274a4469e3ef5c1f9837e76577a60613858c5c8a74a3de98e33bc?s=96&d=mm&r=g","url":"https:\/\/secure.gravatar.com\/avatar\/e32c915fa5b274a4469e3ef5c1f9837e76577a60613858c5c8a74a3de98e33bc?s=96&d=mm&r=g","height":96,"width":96}},"publisher":{"@type":"Organization","name":"j-z-m.cz","logo":{"@type":"ImageObject","@id":"\/logo.png","url":"\/logo.png","width":600,"height":60}},"image":null,"wordCount":285,"keywords":null},{"@type":"Article","@id":"https:\/\/www.j-z-m.cz\/v-bazenu-byste-meli-ph-vzdy-hlidat\/","headline":"V baz\u00e9nu byste m\u011bli ph v\u017edy hl\u00eddat","url":"https:\/\/www.j-z-m.cz\/v-bazenu-byste-meli-ph-vzdy-hlidat\/","datePublished":"2024-04-01","dateModified":"2024-04-01","mainEntityOfPage":"https:\/\/www.j-z-m.cz\/v-bazenu-byste-meli-ph-vzdy-hlidat\/","author":{"@type":"Person","@id":"https:\/\/www.j-z-m.cz\/author\/#Person","name":"","url":"https:\/\/www.j-z-m.cz\/author\/","identifier":1,"image":{"@type":"ImageObject","@id":"https:\/\/secure.gravatar.com\/avatar\/e32c915fa5b274a4469e3ef5c1f9837e76577a60613858c5c8a74a3de98e33bc?s=96&d=mm&r=g","url":"https:\/\/secure.gravatar.com\/avatar\/e32c915fa5b274a4469e3ef5c1f9837e76577a60613858c5c8a74a3de98e33bc?s=96&d=mm&r=g","height":96,"width":96}},"publisher":{"@type":"Organization","name":"j-z-m.cz","logo":{"@type":"ImageObject","@id":"\/logo.png","url":"\/logo.png","width":600,"height":60}},"image":null,"wordCount":280,"keywords":null},{"@type":"Article","@id":"https:\/\/www.j-z-m.cz\/ztrata-dat\/","headline":"Ztr\u00e1ta dat","url":"https:\/\/www.j-z-m.cz\/ztrata-dat\/","datePublished":"2024-03-29","dateModified":"2024-03-29","mainEntityOfPage":"https:\/\/www.j-z-m.cz\/ztrata-dat\/","author":{"@type":"Person","@id":"https:\/\/www.j-z-m.cz\/author\/#Person","name":"","url":"https:\/\/www.j-z-m.cz\/author\/","identifier":1,"image":{"@type":"ImageObject","@id":"https:\/\/secure.gravatar.com\/avatar\/e32c915fa5b274a4469e3ef5c1f9837e76577a60613858c5c8a74a3de98e33bc?s=96&d=mm&r=g","url":"https:\/\/secure.gravatar.com\/avatar\/e32c915fa5b274a4469e3ef5c1f9837e76577a60613858c5c8a74a3de98e33bc?s=96&d=mm&r=g","height":96,"width":96}},"publisher":{"@type":"Organization","name":"j-z-m.cz","logo":{"@type":"ImageObject","@id":"\/logo.png","url":"\/logo.png","width":600,"height":60}},"image":{"@type":"ImageObject","@id":"https:\/\/www.j-z-m.cz\/wp-content\/uploads\/computer-2242263_640_1.jpg","url":"https:\/\/www.j-z-m.cz\/wp-content\/uploads\/computer-2242263_640_1.jpg","height":0,"width":0},"wordCount":599,"keywords":null},{"@type":"Article","@id":"https:\/\/www.j-z-m.cz\/v-hlave-je-mista-dost\/","headline":"V hlav\u011b je m\u00edsta dost","url":"https:\/\/www.j-z-m.cz\/v-hlave-je-mista-dost\/","datePublished":"2024-01-31","dateModified":"2024-01-31","mainEntityOfPage":"https:\/\/www.j-z-m.cz\/v-hlave-je-mista-dost\/","author":{"@type":"Person","@id":"https:\/\/www.j-z-m.cz\/author\/#Person","name":"","url":"https:\/\/www.j-z-m.cz\/author\/","identifier":1,"image":{"@type":"ImageObject","@id":"https:\/\/secure.gravatar.com\/avatar\/e32c915fa5b274a4469e3ef5c1f9837e76577a60613858c5c8a74a3de98e33bc?s=96&d=mm&r=g","url":"https:\/\/secure.gravatar.com\/avatar\/e32c915fa5b274a4469e3ef5c1f9837e76577a60613858c5c8a74a3de98e33bc?s=96&d=mm&r=g","height":96,"width":96}},"publisher":{"@type":"Organization","name":"j-z-m.cz","logo":{"@type":"ImageObject","@id":"\/logo.png","url":"\/logo.png","width":600,"height":60}},"image":{"@type":"ImageObject","@id":"https:\/\/www.j-z-m.cz\/wp-content\/uploads\/%C5%A1_4.jpg","url":"https:\/\/www.j-z-m.cz\/wp-content\/uploads\/%C5%A1_4.jpg","height":0,"width":0},"wordCount":657,"keywords":null},{"@type":"Article","@id":"https:\/\/www.j-z-m.cz\/studium-je-drahe\/","headline":"Studium je drah\u00e9","url":"https:\/\/www.j-z-m.cz\/studium-je-drahe\/","datePublished":"2024-01-29","dateModified":"2024-01-29","mainEntityOfPage":"https:\/\/www.j-z-m.cz\/studium-je-drahe\/","author":{"@type":"Person","@id":"https:\/\/www.j-z-m.cz\/author\/#Person","name":"","url":"https:\/\/www.j-z-m.cz\/author\/","identifier":1,"image":{"@type":"ImageObject","@id":"https:\/\/secure.gravatar.com\/avatar\/e32c915fa5b274a4469e3ef5c1f9837e76577a60613858c5c8a74a3de98e33bc?s=96&d=mm&r=g","url":"https:\/\/secure.gravatar.com\/avatar\/e32c915fa5b274a4469e3ef5c1f9837e76577a60613858c5c8a74a3de98e33bc?s=96&d=mm&r=g","height":96,"width":96}},"publisher":{"@type":"Organization","name":"j-z-m.cz","logo":{"@type":"ImageObject","@id":"\/logo.png","url":"\/logo.png","width":600,"height":60}},"image":{"@type":"ImageObject","@id":"https:\/\/www.j-z-m.cz\/wp-content\/uploads\/%C5%BE%C5%BE%C5%BE%C5%BE_5.jpg","url":"https:\/\/www.j-z-m.cz\/wp-content\/uploads\/%C5%BE%C5%BE%C5%BE%C5%BE_5.jpg","height":0,"width":0},"wordCount":620,"keywords":null},{"@type":"Article","@id":"https:\/\/www.j-z-m.cz\/rizeni-bez-ridicaku\/","headline":"\u0158\u00edzen\u00ed bez \u0159idi\u010d\u00e1ku","url":"https:\/\/www.j-z-m.cz\/rizeni-bez-ridicaku\/","datePublished":"2024-01-28","dateModified":"2024-01-28","mainEntityOfPage":"https:\/\/www.j-z-m.cz\/rizeni-bez-ridicaku\/","author":{"@type":"Person","@id":"https:\/\/www.j-z-m.cz\/author\/#Person","name":"","url":"https:\/\/www.j-z-m.cz\/author\/","identifier":1,"image":{"@type":"ImageObject","@id":"https:\/\/secure.gravatar.com\/avatar\/e32c915fa5b274a4469e3ef5c1f9837e76577a60613858c5c8a74a3de98e33bc?s=96&d=mm&r=g","url":"https:\/\/secure.gravatar.com\/avatar\/e32c915fa5b274a4469e3ef5c1f9837e76577a60613858c5c8a74a3de98e33bc?s=96&d=mm&r=g","height":96,"width":96}},"publisher":{"@type":"Organization","name":"j-z-m.cz","logo":{"@type":"ImageObject","@id":"\/logo.png","url":"\/logo.png","width":600,"height":60}},"image":{"@type":"ImageObject","@id":"https:\/\/www.j-z-m.cz\/wp-content\/uploads\/lotus-5407670_1280_5.jpg","url":"https:\/\/www.j-z-m.cz\/wp-content\/uploads\/lotus-5407670_1280_5.jpg","height":0,"width":0},"wordCount":590,"keywords":null},{"@type":"Article","@id":"https:\/\/www.j-z-m.cz\/neco-co-se-vam-bude-rozhodne-hodit\/","headline":"N\u011bco, co se V\u00e1m bude rozhodn\u011b hodit","url":"https:\/\/www.j-z-m.cz\/neco-co-se-vam-bude-rozhodne-hodit\/","datePublished":"2024-01-12","dateModified":"2024-01-12","mainEntityOfPage":"https:\/\/www.j-z-m.cz\/neco-co-se-vam-bude-rozhodne-hodit\/","author":{"@type":"Person","@id":"https:\/\/www.j-z-m.cz\/author\/#Person","name":"","url":"https:\/\/www.j-z-m.cz\/author\/","identifier":1,"image":{"@type":"ImageObject","@id":"https:\/\/secure.gravatar.com\/avatar\/e32c915fa5b274a4469e3ef5c1f9837e76577a60613858c5c8a74a3de98e33bc?s=96&d=mm&r=g","url":"https:\/\/secure.gravatar.com\/avatar\/e32c915fa5b274a4469e3ef5c1f9837e76577a60613858c5c8a74a3de98e33bc?s=96&d=mm&r=g","height":96,"width":96}},"publisher":{"@type":"Organization","name":"j-z-m.cz","logo":{"@type":"ImageObject","@id":"\/logo.png","url":"\/logo.png","width":600,"height":60}},"image":null,"wordCount":308,"keywords":null}]},{"@context":"https:\/\/schema.org","@type":"WebSite","@id":"https:\/\/www.j-z-m.cz\/#website","name":"J-Z-M","url":"https:\/\/www.j-z-m.cz","potentialAction":{"@type":"SearchAction","target":"https:\/\/www.j-z-m.cz\/?s={search_term_string}","query-input":"required name=search_term_string"}}]