[{"@context":"https:\/\/schema.org\/","@type":"Article","@id":"https:\/\/www.j-z-m.cz\/motorka-se-sajdkarou\/#Article","mainEntityOfPage":"https:\/\/www.j-z-m.cz\/motorka-se-sajdkarou\/","headline":"Motorka se sajdk\u00e1rou","name":"Motorka se sajdk\u00e1rou","description":"J\u00e1 si mysl\u00edm, \u017ee motorky m\u00e1 asi ka\u017ed\u00fd r\u00e1d.\u00a0Jinak si nedok\u00e1\u017ei p\u0159edstavit, \u017ee od n\u00e1s z ulice m\u00e1\u00a0ka\u017ed\u00fd t\u0159et\u00ed\u00a0soused motorku. Sice ano, ch\u00e1pu, \u017ee to [&hellip;]","datePublished":"2024-05-03","dateModified":"2024-06-04","author":{"@type":"Person","@id":"https:\/\/www.j-z-m.cz\/author\/#Person","name":"","url":"https:\/\/www.j-z-m.cz\/author\/","identifier":1,"image":{"@type":"ImageObject","@id":"https:\/\/secure.gravatar.com\/avatar\/e32c915fa5b274a4469e3ef5c1f9837e76577a60613858c5c8a74a3de98e33bc?s=96&d=mm&r=g","url":"https:\/\/secure.gravatar.com\/avatar\/e32c915fa5b274a4469e3ef5c1f9837e76577a60613858c5c8a74a3de98e33bc?s=96&d=mm&r=g","height":96,"width":96}},"publisher":{"@type":"Organization","name":"j-z-m.cz","logo":{"@type":"ImageObject","@id":"\/logo.png","url":"\/logo.png","width":600,"height":60}},"image":{"@type":"ImageObject","@id":"https:\/\/www.j-z-m.cz\/wp-content\/uploads\/moto-2070407_1280.jpg","url":"https:\/\/www.j-z-m.cz\/wp-content\/uploads\/moto-2070407_1280.jpg","height":0,"width":0},"url":"https:\/\/www.j-z-m.cz\/motorka-se-sajdkarou\/","about":["Moto"],"wordCount":420,"articleBody":"J\u00e1 si mysl\u00edm, \u017ee motorky m\u00e1 asi ka\u017ed\u00fd r\u00e1d.\u00a0Jinak si nedok\u00e1\u017ei p\u0159edstavit, \u017ee od n\u00e1s z ulice m\u00e1\u00a0ka\u017ed\u00fd t\u0159et\u00ed\u00a0soused motorku. Sice ano, ch\u00e1pu, \u017ee to nen\u00ed nic extra velik\u00e1 motorka, ale je to takov\u00e1 motorka st\u0159edn\u00ed velikosti, n\u011bkdo m\u00e1 dokonce tak\u00e9 malou babetu, tak zvan\u00fd prskolet, jak se lidov\u011b \u0159\u00edk\u00e1. Vzpom\u00edn\u00e1m si, jak je\u0161t\u011b m\u016fj d\u011bde\u010dek m\u011bl takovou motorku a vedle m\u011bl sajdk\u00e1ru. V\u00edte, co je to sajdk\u00e1ra? Je to takov\u00e1 n\u011bco jako mal\u00e1 motorka, takov\u00e1 mal\u00e1 vani\u010dka, jak tomu \u0159\u00edkala moje maminka, proto\u017ee maminka jezdila s d\u011bde\u010dkem v sajdk\u00e1\u0159e. To se d\u00e1v\u00e1 vlastn\u011b vedle motorky a \u010dlov\u011bk v tom takhle m\u016f\u017ee jezdit.Je to vlastn\u011b jako spolujezdec vedle motorky. J\u00e1 si mysl\u00edm, \u017ee v dne\u0161n\u00ed dob\u011b by to bylo opravdu nebezpe\u010dn\u00e9 jezdit v sajdk\u00e1\u0159e, proto\u017ee p\u0159edpokl\u00e1d\u00e1m, \u017ee asi jak byly vysok\u00e9 kamiony, jak jsou vysok\u00e9 kamiony, tak podle m\u00e9ho n\u00e1zoru by sajdk\u00e1ru mohl n\u011bjak\u00fd kamionista anebo n\u011bkdo v dod\u00e1vce p\u0159ehl\u00e9dnout a byla by nehoda na sv\u011bt\u011b. Tak\u017ee si mysl\u00edm, \u017ee sajdk\u00e1ry jsou mo\u017en\u00e1 tak maxim\u00e1ln\u011b na rekrea\u010dn\u00ed je\u017ed\u011bn\u00ed n\u011bkde po vedlej\u0161\u00edch silnic\u00edch, kde v\u016fbec nejezd\u00ed r\u016fzn\u00e9 kamiony anebo velik\u00e9 dod\u00e1vky. A podle m\u00e9ho n\u00e1zoru by bylo nejlep\u0161\u00ed, kdyby lid\u00e9 si tak\u00e9 uv\u011bdomili, \u017ee je pro n\u011b lep\u0161\u00ed a p\u0159edn\u011bj\u0161\u00ed zdrav\u00ed, ne\u017e t\u0159eba z\u00e1bava na motorce a v\u00a0sajdk\u00e1\u0159e. Ale j\u00e1 sama jsem si \u0159\u00edkala, \u017ee si po\u0159\u00edd\u00edm n\u011bjak\u00fd mal\u00fd prskolet,\u00a0n\u011bjakou malou motorku. Nejrad\u011bji bych cht\u011bla italskou vespu, je to opravdu kr\u00e1sn\u00e1 motorka a \u0159ekla jsem si, \u017ee kdybych ji\u00a0m\u011bla, tak bych byla opravdu moc nad\u0161en\u00e1. Moje kamar\u00e1dka si pr\u00e1v\u011b tak\u00e9 chce po\u0159\u00eddit malou motorku a tak\u00e9 chce hlavn\u011b vespu, proto\u017ee se j\u00ed l\u00edb\u00ed. A tehdy j\u00ed m\u011bl jej\u00ed b\u00fdval\u00fd partner. Ten se nakonec odst\u011bhoval do It\u00e1lie a j\u00e1 se tomu nediv\u00edm. It\u00e1lie je kr\u00e1sn\u00e9 m\u011bsto.\u00a0 A jak jste na tom vy s motorkami? M\u00e1te r\u00e1di motorismus anebo se\u00a0motorek ob\u00e1v\u00e1te? N\u011bkdo d\u00e1v\u00e1 p\u0159ednost pouze automobilu a n\u011bkdo zase jenom motorce, z\u00e1le\u017e\u00ed na vkusu.\u00a0                                                                                                                                                                                                                                                                                                                                                                                                "},{"@context":"https:\/\/schema.org\/","@type":"BreadcrumbList","itemListElement":[{"@type":"ListItem","position":1,"name":"Motorka se sajdk\u00e1rou","item":"https:\/\/www.j-z-m.cz\/motorka-se-sajdkarou\/#breadcrumbitem"}]}]