[{"@context":"https:\/\/schema.org\/","@type":"Article","@id":"https:\/\/www.j-z-m.cz\/kultura-pro-vsechny\/#Article","mainEntityOfPage":"https:\/\/www.j-z-m.cz\/kultura-pro-vsechny\/","headline":"Kultura pro v\u0161echny","name":"Kultura pro v\u0161echny","description":"\u0158eknu v\u00e1m, \u017ee bez\u00a0kultury by to byla opravdu velik\u00e1 nuda. Mysl\u00edm si, \u017ee je opravdu hodn\u011b lid\u00ed, kte\u0159\u00ed preferuj\u00ed kulturu, proto\u017ee kdy\u017e lid\u00e9 chod\u00ed za [&hellip;]","datePublished":"2023-06-30","dateModified":"2024-06-04","author":{"@type":"Person","@id":"https:\/\/www.j-z-m.cz\/author\/#Person","name":"","url":"https:\/\/www.j-z-m.cz\/author\/","identifier":1,"image":{"@type":"ImageObject","@id":"https:\/\/secure.gravatar.com\/avatar\/e32c915fa5b274a4469e3ef5c1f9837e76577a60613858c5c8a74a3de98e33bc?s=96&d=mm&r=g","url":"https:\/\/secure.gravatar.com\/avatar\/e32c915fa5b274a4469e3ef5c1f9837e76577a60613858c5c8a74a3de98e33bc?s=96&d=mm&r=g","height":96,"width":96}},"publisher":{"@type":"Organization","name":"j-z-m.cz","logo":{"@type":"ImageObject","@id":"\/logo.png","url":"\/logo.png","width":600,"height":60}},"image":{"@type":"ImageObject","@id":"https:\/\/www.j-z-m.cz\/wp-content\/uploads\/garden-2040714_960_720.jpg","url":"https:\/\/www.j-z-m.cz\/wp-content\/uploads\/garden-2040714_960_720.jpg","height":0,"width":0},"url":"https:\/\/www.j-z-m.cz\/kultura-pro-vsechny\/","about":["Kultura"],"wordCount":436,"articleBody":"\u0158eknu v\u00e1m, \u017ee bez\u00a0kultury by to byla opravdu velik\u00e1 nuda. Mysl\u00edm si, \u017ee je opravdu hodn\u011b lid\u00ed, kte\u0159\u00ed preferuj\u00ed kulturu, proto\u017ee kdy\u017e lid\u00e9 chod\u00ed za kulturou, tak to tak\u00e9 znamen\u00e1, \u017ee lid\u00e9 se budou c\u00edtit v pohod\u011b a tak\u00e9 mohou potkat opravdu spoustu p\u0159\u00e1tel. A j\u00e1 jako kulturu\u00a0vyzn\u00e1v\u00e1m pouze jenom n\u011bjak\u00e9 hudebn\u00ed festivaly anebo n\u011bjak\u00e9 z\u00e1bavy. To m\u011b moc bav\u00ed! My tady u n\u00e1s m\u00e1me takov\u00e9 kr\u00e1sn\u00e9 lidov\u00e9 divadlo, ale nen\u00ed to takov\u00e9 klasick\u00e9 divadlo, jak si mysl\u00edte, \u017ee by tam t\u0159eba hr\u00e1li divadeln\u00ed herci a podobn\u011b.\u00a0Tohle tedy ne.\u00a0Tady jsou \u00fa\u017easn\u00e1\u00a0p\u0159edstaven\u00ed, jsou tady t\u0159eba tak\u00e9 p\u0159edstaven\u00ed, \u017ee tam jsou amat\u00e9r\u0161t\u00ed herci anebo amat\u00e9r\u0161t\u00ed zp\u011bv\u00e1ci anebo tam taky m\u016f\u017eete d\u011blat karaoke.Karaoke je tam opravdu nejv\u00edce obl\u00edben\u00e9 a je tam dvakr\u00e1t m\u011bs\u00ed\u010dn\u011b a \u0159eknu v\u00e1m, \u017ee v\u017edycky v\u0161echny l\u00edstky jsou na karaoke vyprodan\u00e9. J\u00e1 tam chod\u00edm tak\u00e9. Ne\u00a0sice dvakr\u00e1t m\u011bs\u00ed\u010dn\u011b, ale jednou\u00a0m\u011bs\u00ed\u010dn\u011b s kamar\u00e1dkami. V\u017edycky n\u011bkam jdeme, abychom se doma nenudily. J\u00e1 nejsem v\u016fbec dom\u00e1c\u00ed typ a r\u00e1da v\u017edycky n\u011bkde jsem, objevuji nov\u00e1 m\u00edsta. Tak\u00e9\u00a0s kamar\u00e1dkami\u00a0jezd\u00edme do zahrani\u010d\u00ed za kulturou. Mysl\u00edm si, \u017ee je opravdu hodn\u011b lid\u00ed, kte\u0159\u00ed neradi sed\u00ed doma a \u017ee rad\u011bji n\u011bkde b\u011bhaj\u00ed a koukaj\u00ed se po kultu\u0159e a podobn\u011b. Je mnoho lid\u00ed, kte\u0159\u00ed t\u0159eba tak\u00e9 maj\u00ed r\u00e1di kulturu\u00a0takovou, \u017ee chod\u00ed jenom do kina. Do kina se d\u00edvat na filmy a u\u00a0toho t\u0159eba maj\u00ed popcorn. \u0158eknu v\u00e1m, \u017ee tohle jsme v\u017edycky d\u011blali ve \u0161kole v osm\u00e9 t\u0159\u00edd\u011b, proto\u017ee v ni\u017e\u0161\u00edch ro\u010dn\u00edc\u00edch n\u00e1m v\u016fbec nedovolili, abychom si do kina vzali popcorn, \u017ee pr\u00fd budeme d\u011blat nepo\u0159\u00e1dek, dovolili n\u00e1m to a\u017e od osm\u00e9 t\u0159\u00eddy, ale potom bylo divn\u00e9, \u017ee v dev\u00e1t\u00e9 t\u0159\u00edd\u011b u\u017e jsme v\u016fbec za kulturou\u00a0nechodili, jezdili jsme akor\u00e1t na v\u00fdlety, kde jsme potom t\u0159eba jezdili na hrady a z\u00e1mky. Tohle m\u011b tak\u00e9 moc bavilo. Nyn\u00ed u\u017e jsem m\u00e1ma dvou\u00a0mal\u00fdch d\u011bt\u00ed a tak\u00e9 s d\u011btmi jezd\u00edme v\u017edycky tak dvakr\u00e1t nebo t\u0159ikr\u00e1t ro\u010dn\u011b za n\u011bjakou velikou kulturn\u00ed akc\u00ed, aby d\u011bti pochopily, \u017ee sv\u011bt nen\u00ed jenom o tom, \u017ee si m\u016f\u017eou hr\u00e1t venku na zahrad\u011b.\u00a0                                                                                                                                                                                                                                                                                                                                                                                                "},{"@context":"https:\/\/schema.org\/","@type":"BreadcrumbList","itemListElement":[{"@type":"ListItem","position":1,"name":"Kultura pro v\u0161echny","item":"https:\/\/www.j-z-m.cz\/kultura-pro-vsechny\/#breadcrumbitem"}]}]