[{"@context":"https:\/\/schema.org\/","@type":"Article","@id":"https:\/\/www.j-z-m.cz\/i-kdyz-dodrzujete-hygienicke-navyky\/#Article","mainEntityOfPage":"https:\/\/www.j-z-m.cz\/i-kdyz-dodrzujete-hygienicke-navyky\/","headline":"I kdy\u017e dodr\u017eujete hygienick\u00e9 n\u00e1vyky","name":"I kdy\u017e dodr\u017eujete hygienick\u00e9 n\u00e1vyky","description":"Pravideln\u011b perete, m\u011bn\u00edte lo\u017en\u00ed pr\u00e1dlo, vyt\u00edr\u00e1te, luxujete, ut\u00edr\u00e1te prach? Ale i p\u0159es to se posledn\u00ed dobou r\u00e1no bud\u00edte s nep\u0159\u00edjemn\u00fdmi a nehezk\u00fdmi \u0161t\u00edpanci? P\u0159em\u00fd\u0161l\u00edte, \u010d\u00edm [&hellip;]","datePublished":"2023-06-07","dateModified":"2024-06-10","author":{"@type":"Person","@id":"https:\/\/www.j-z-m.cz\/author\/#Person","name":"","url":"https:\/\/www.j-z-m.cz\/author\/","identifier":1,"image":{"@type":"ImageObject","@id":"https:\/\/secure.gravatar.com\/avatar\/e32c915fa5b274a4469e3ef5c1f9837e76577a60613858c5c8a74a3de98e33bc?s=96&d=mm&r=g","url":"https:\/\/secure.gravatar.com\/avatar\/e32c915fa5b274a4469e3ef5c1f9837e76577a60613858c5c8a74a3de98e33bc?s=96&d=mm&r=g","height":96,"width":96}},"publisher":{"@type":"Organization","name":"j-z-m.cz","logo":{"@type":"ImageObject","@id":"\/logo.png","url":"\/logo.png","width":600,"height":60}},"url":"https:\/\/www.j-z-m.cz\/i-kdyz-dodrzujete-hygienicke-navyky\/","wordCount":238,"articleBody":"Pravideln\u011b perete, m\u011bn\u00edte lo\u017en\u00ed pr\u00e1dlo, vyt\u00edr\u00e1te, luxujete, ut\u00edr\u00e1te prach? Ale i p\u0159es to se posledn\u00ed dobou r\u00e1no bud\u00edte s nep\u0159\u00edjemn\u00fdmi a nehezk\u00fdmi \u0161t\u00edpanci? P\u0159em\u00fd\u0161l\u00edte, \u010d\u00edm jen by to mohlo b\u00fdt? Alergick\u00e1 reakce, kom\u00e1r, \u010di jin\u00fd d\u016fvod? Mo\u017en\u00e1 by st\u00e1lo za zv\u00e1\u017een\u00ed, kde jste se posledn\u00ed dobou pohybovali, jestli jste nebyli na dovolen\u00e9, nekoupili star\u0161\u00ed n\u00e1bytek, \u010di oble\u010den\u00ed. Jak\u00fd to m\u00e1 d\u016fvod? Pr\u00e1v\u011b ten, \u017ee jste si do bytu mohli nev\u011bdomky p\u0159in\u00e9st \u0161t\u011bnice dom\u00e1c\u00ed. U\u017e jen p\u0159\u00edvlastek, kter\u00fd nos\u00ed, nazna\u010duje, \u017ee se ubytuje tak, \u017ee nen\u00ed jednoduch\u00e9 j\u00ed potom z bytu dostat.\tJedin\u011b profesion\u00e1ln\u00ed z\u00e1krokPokud jste si na ot\u00e1zky odpov\u011bd\u011bli, \u017ee m\u016f\u017ee b\u00fdt p\u016fvodcem va\u0161ich \u0161t\u00edpanc\u016f pr\u00e1v\u011b \u0161t\u011bnice dom\u00e1c\u00ed, ne\u010dekejte na nic a pozv\u011bte si, co nejd\u0159\u00edve, specialisty, kte\u0159\u00ed v\u011bd\u00ed, jak se \u00fasp\u011b\u0161n\u011b parazit\u016f zbavit. Firma DeraPlus tento hmyz \u00fasp\u011b\u0161n\u011b likviduje ji\u017e l\u00e9ta a jejich efektivnost z\u016fst\u00e1v\u00e1 bez dal\u0161\u00edch n\u00e1sledk\u016f a dal\u0161\u00edho v\u00fdskytu. Nemus\u00edte se ob\u00e1vat ani toho, \u017ee by v\u00e1s n\u011bkdo vysm\u00e1l nebo se v\u00e1s \u0161t\u00edtil, proto\u017ee likvidace prob\u00edh\u00e1 v naprost\u00e9 diskr\u00e9tnosti a s pochopen\u00edm.                                                                                                                                                                                                                                                                                                                                                                                                "},{"@context":"https:\/\/schema.org\/","@type":"BreadcrumbList","itemListElement":[{"@type":"ListItem","position":1,"name":"I kdy\u017e dodr\u017eujete hygienick\u00e9 n\u00e1vyky","item":"https:\/\/www.j-z-m.cz\/i-kdyz-dodrzujete-hygienicke-navyky\/#breadcrumbitem"}]}]