[{"@context":"https:\/\/schema.org\/","@type":"Article","@id":"https:\/\/www.j-z-m.cz\/do-kolika-let-by-melo-dite-byt-v-detske-sedacce\/#Article","mainEntityOfPage":"https:\/\/www.j-z-m.cz\/do-kolika-let-by-melo-dite-byt-v-detske-sedacce\/","headline":"Do kolika let by m\u011blo d\u00edt\u011b b\u00fdt v d\u011btsk\u00e9 seda\u010dce","name":"Do kolika let by m\u011blo d\u00edt\u011b b\u00fdt v d\u011btsk\u00e9 seda\u010dce","description":"O tom, \u017ee j\u00edzda v\u00a0aut\u011b m\u016f\u017ee b\u00fdt pon\u011bkud rizikov\u00e1, nen\u00ed pochyb. Je tedy jen pochopiteln\u00e9, \u017ee m\u00e1me spoustu bezpe\u010dnostn\u00edch opat\u0159en\u00ed, kter\u00e1 n\u00e1s maj\u00ed b\u011bhem n\u00ed [&hellip;]","datePublished":"2023-12-04","dateModified":"2023-12-04","author":{"@type":"Person","@id":"https:\/\/www.j-z-m.cz\/author\/#Person","name":"","url":"https:\/\/www.j-z-m.cz\/author\/","identifier":1,"image":{"@type":"ImageObject","@id":"https:\/\/secure.gravatar.com\/avatar\/e32c915fa5b274a4469e3ef5c1f9837e76577a60613858c5c8a74a3de98e33bc?s=96&d=mm&r=g","url":"https:\/\/secure.gravatar.com\/avatar\/e32c915fa5b274a4469e3ef5c1f9837e76577a60613858c5c8a74a3de98e33bc?s=96&d=mm&r=g","height":96,"width":96}},"publisher":{"@type":"Organization","name":"j-z-m.cz","logo":{"@type":"ImageObject","@id":"\/logo.png","url":"\/logo.png","width":600,"height":60}},"image":{"@type":"ImageObject","@id":"https:\/\/www.j-z-m.cz\/wp-content\/uploads\/auto16_7.png","url":"https:\/\/www.j-z-m.cz\/wp-content\/uploads\/auto16_7.png","height":0,"width":0},"url":"https:\/\/www.j-z-m.cz\/do-kolika-let-by-melo-dite-byt-v-detske-sedacce\/","about":["Auto moto"],"wordCount":431,"articleBody":"O tom, \u017ee j\u00edzda v\u00a0aut\u011b m\u016f\u017ee b\u00fdt pon\u011bkud rizikov\u00e1, nen\u00ed pochyb. Je tedy jen pochopiteln\u00e9, \u017ee m\u00e1me spoustu bezpe\u010dnostn\u00edch opat\u0159en\u00ed, kter\u00e1 n\u00e1s maj\u00ed b\u011bhem n\u00ed chr\u00e1nit. Ta zdaleka nejv\u00fdrazn\u011bj\u0161\u00ed se pak t\u00fdkaj\u00ed d\u011bt\u00ed \u2013 a nen\u00ed divu, na\u0161e spole\u010dnost je nastavena tak, abychom je co nejv\u00edce ochra\u0148ovali. V\u00a0tomto p\u0159\u00edpad\u011b mus\u00ed jezdit pouze na zadn\u00edm sedadle a ve speci\u00e1ln\u00ed d\u011btsk\u00e9 seda\u010dce. Ot\u00e1zkou v\u0161ak je, jak dlouho bychom je v\u00a0n\u00ed m\u011bli vozit.\u00a0\u00a0Samoz\u0159ejm\u011b ka\u017ed\u00e9 d\u00edt\u011b z\u00a0n\u00ed chce vyr\u016fst co nejd\u0159\u00edve a jezdit jako dosp\u011bl\u00fd. Je v\u0161ak na n\u00e1s, rodi\u010d\u00edch, abychom up\u0159ednostnili jejich bezpe\u010dnost p\u0159ed p\u0159\u00e1n\u00edm. Koneckonc\u016f, d\u0159\u00edve \u010di pozd\u011bji se do\u010dkaj\u00ed. Jak brzo to ale bude?\u00a0Jedn\u00edm z\u00a0ukazatel\u016f m\u016f\u017ee b\u00fdt z\u00e1kon, kter\u00fd stanovuje minim\u00e1ln\u00ed v\u011bk, do kter\u00e9ho by m\u011bly b\u00fdt d\u011bti v\u00a0aut\u011b p\u0159ipout\u00e1ny v\u00a0d\u011btsk\u00e9 seda\u010dce. To je ov\u0161em jen z\u00e1kladn\u00ed ukazatel, a skute\u010dn\u00fd v\u011bk, kdy je mo\u017en\u00e9 ji odebrat, nen\u00ed tak snadn\u00e9 ur\u010dit.\u00a0\u00a0Mnohem lep\u0161\u00edm vod\u00edtkem jsou doporu\u010den\u00ed v\u00fdrobc\u016f seda\u010dek. Ty v\u011bt\u0161inou maj\u00ed ur\u010den v\u00fd\u0161kov\u00fd a v\u00e1hov\u00fd limit, do kter\u00e9ho je mo\u017en\u00e9 v\u00a0n\u00ed d\u00edt\u011b vozit. To je samoz\u0159ejm\u011b v\u00a0po\u0159\u00e1dku, probl\u00e9mem je zde v\u0161ak nar\u016fstaj\u00edc\u00ed d\u011btsk\u00e1 obezita. Ta toti\u017e zp\u016fsobuje, \u017ee d\u00edt\u011b p\u0159ekro\u010d\u00ed v\u00e1hov\u00fd limit, i kdy\u017e v\u00fd\u0161kov\u011b by seda\u010dku je\u0161t\u011b pot\u0159ebovalo.\u00a0Pr\u00e1v\u011b v\u00fd\u0161ka se nakonec ukazuje jako ten nejlep\u0161\u00ed ukazatel. Na\u0161\u00edm c\u00edlem by pak m\u011blo b\u00fdt udr\u017eet na\u0161e d\u00edt\u011b natolik \u0161t\u00edhl\u00e9, aby nep\u0159ekro\u010dilo v\u00e1hov\u00fd limit d\u0159\u00edve, ne\u017e ten v\u00fd\u0161kov\u00fd. V\u00a0takov\u00e9m p\u0159\u00edpad\u011b by se toti\u017e d\u011btsk\u00e9 seda\u010dky muselo vzd\u00e1t d\u0159\u00edve, co\u017e by rozhodn\u011b nebylo dobr\u00e9. V\u00a0p\u0159\u00edpad\u011b dopravn\u00ed nehody bychom toho ho\u0159ce litovali \u2013 a nikdo n\u00e1m nem\u016f\u017ee zaru\u010dit, \u017ee se do n\u00ed nedostaneme.\u00a0Je tedy jasn\u00e9, \u017ee tyto seda\u010dky rozhodn\u011b nen\u00ed vhodn\u00e9 zatracovat. Mohou toti\u017e zachr\u00e1nit va\u0161emu potomku \u017eivot, a nic d\u016fle\u017eit\u011bj\u0161\u00edho rozhodn\u011b nen\u00ed. Proto, pokud m\u00e1te d\u00edt\u011b, se ji sna\u017ete pou\u017e\u00edvat, jak nejd\u00e9le je to jen mo\u017en\u00e9, alespo\u0148 pro klid va\u0161\u00ed du\u0161e.                                                                                                                                                                                                                                                                                                                                                                                                "},{"@context":"https:\/\/schema.org\/","@type":"BreadcrumbList","itemListElement":[{"@type":"ListItem","position":1,"name":"Do kolika let by m\u011blo d\u00edt\u011b b\u00fdt v d\u011btsk\u00e9 seda\u010dce","item":"https:\/\/www.j-z-m.cz\/do-kolika-let-by-melo-dite-byt-v-detske-sedacce\/#breadcrumbitem"}]}]