[{"@context":"https:\/\/schema.org\/","@type":"Article","@id":"https:\/\/www.j-z-m.cz\/deti-jako-smeti\/#Article","mainEntityOfPage":"https:\/\/www.j-z-m.cz\/deti-jako-smeti\/","headline":"D\u011bt\u00ed jako smet\u00ed","name":"D\u011bt\u00ed jako smet\u00ed","description":"Mus\u00edm \u0159\u00edct, \u017ee s d\u011btmi je to n\u011bkdy opravdu hodn\u011b obt\u00ed\u017en\u00e9. Ne ka\u017ed\u00e9 d\u00edt\u011b dok\u00e1\u017ee b\u00fdt klidn\u00e9, aby se \u010dlov\u011bk nezbl\u00e1znil. J\u00e1 sama jsem si [&hellip;]","datePublished":"2023-10-30","dateModified":"2023-10-30","author":{"@type":"Person","@id":"https:\/\/www.j-z-m.cz\/author\/#Person","name":"","url":"https:\/\/www.j-z-m.cz\/author\/","identifier":1,"image":{"@type":"ImageObject","@id":"https:\/\/secure.gravatar.com\/avatar\/e32c915fa5b274a4469e3ef5c1f9837e76577a60613858c5c8a74a3de98e33bc?s=96&d=mm&r=g","url":"https:\/\/secure.gravatar.com\/avatar\/e32c915fa5b274a4469e3ef5c1f9837e76577a60613858c5c8a74a3de98e33bc?s=96&d=mm&r=g","height":96,"width":96}},"publisher":{"@type":"Organization","name":"j-z-m.cz","logo":{"@type":"ImageObject","@id":"\/logo.png","url":"\/logo.png","width":600,"height":60}},"image":{"@type":"ImageObject","@id":"https:\/\/www.j-z-m.cz\/wp-content\/uploads\/kids-2835431_1280.jpg","url":"https:\/\/www.j-z-m.cz\/wp-content\/uploads\/kids-2835431_1280.jpg","height":0,"width":0},"url":"https:\/\/www.j-z-m.cz\/deti-jako-smeti\/","about":["D\u011bti"],"wordCount":477,"articleBody":"Mus\u00edm \u0159\u00edct, \u017ee s d\u011btmi je to n\u011bkdy opravdu hodn\u011b obt\u00ed\u017en\u00e9. Ne ka\u017ed\u00e9 d\u00edt\u011b dok\u00e1\u017ee b\u00fdt klidn\u00e9, aby se \u010dlov\u011bk nezbl\u00e1znil. J\u00e1 sama jsem si \u0159ekla, \u017ee kdybych m\u011bla v\u00edce d\u011bt\u00ed, \u017ee bych se osobn\u011b asi zbl\u00e1znila. Moje kamar\u00e1dka, kter\u00e1 m\u00e1 \u010dty\u0159i\u00a0d\u011bti, tak ona sama \u0159\u00edk\u00e1, \u017ee u\u017e to je s nimi n\u011bkdy a\u017e k nevydr\u017een\u00ed. To se nediv\u00edm. J\u00e1 m\u00e1m sice jenom jedno\u00a0d\u00edt\u011b, ale pov\u00edm v\u00e1m, \u017ee i to jedno\u00a0d\u00edt\u011b mi d\u00e1 opravdu n\u011bkdy po\u0159\u00e1dn\u011b zabrat. Tak ono se to \u0159\u00edk\u00e1. V\u00edte, kdy\u017e m\u00e1te jedno\u00a0d\u00edt\u011b, tak jste zvykl\u00ed jenom na jedno\u00a0d\u00edt\u011b. A kdy\u017e m\u00e1te nervy nebo jste ve stresu, tak samoz\u0159ejm\u011b, \u017ee jenom to jedno\u00a0d\u00edt\u011b v\u00e1m ud\u011bl\u00e1 n\u011bjakou neplechu anebo v\u00e1s bude n\u011bjak stresovat. A tak jsem si \u0159ekla, \u017ee vlastn\u011b kamar\u00e1dce, \u017ee j\u00ed n\u011bkdy pomohu. A\u00a0proto\u017ee m\u00e1 kamar\u00e1dka tolik d\u011bt\u00ed, jako je smet\u00ed, tak ten jednou\u00a0t\u00fddn\u011b j\u00e1 bych m\u011bla m\u00edt t\u0159eba dv\u011b\u00a0d\u011bti ze \u010dty\u0159. To pohl\u00edd\u00e1m. Ani nev\u00edte, jak moje kamar\u00e1dka byla opravdu nad\u0161en\u00e1. Moje kamar\u00e1dka byla r\u00e1da, \u017ee se tak\u00e9 n\u011bkdy ud\u011bl\u00e1 osobn\u00ed volno, proto\u017ee jej\u00ed babi\u010dky v\u016fbec necht\u011bly hl\u00eddat d\u011bti a j\u00e1 se nediv\u00edm. Kdyby mi tak\u00e9 bylo skoro sedmdes\u00e1t\u00a0let anebo p\u0159es osmdes\u00e1t\u00a0let, tak u\u017e bych taky asi necht\u011bla nikoho hl\u00eddat. A ne hlavn\u011b mal\u00e9 d\u011bti, kter\u00e9 jsou jako z divok\u00fdch vajec. Kamar\u00e1dce\u00a0jsem \u0159ekla, a\u0165 se tehdy nezlob\u00ed, \u017ee ale v\u0161echny \u010dty\u0159i\u00a0d\u011bti bych nezvl\u00e1dla.Proto\u017ee m\u00e1m je\u0161t\u011b jedno\u00a0sv\u00e9 a tomu sv\u00e9mu d\u00edt\u011bti se tak\u00e9 v\u011bnuji dost. Kamar\u00e1dka to na\u0161t\u011bst\u00ed pochopila. Zase si ale vezm\u011bte, \u017ee jsou p\u00e1ry, kter\u00e9 nemohou m\u00edt d\u011bti. A\u00a0takov\u00e9 p\u00e1ry, kter\u00e9 nemohou ot\u011bhotn\u011bt, t\u0159eba je \u017eena neplodn\u00e1 anebo je nemocn\u00e1. A to je potom velice smutn\u00e9. Zar\u00e1\u017e\u00ed m\u011b, \u017ee takhle to p\u0159\u00edroda ud\u011blala. N\u011bkte\u0159\u00ed zl\u00ed lid\u00e9 maj\u00ed d\u00edt\u011b hned, ale \u017eena, kter\u00e1 si d\u00edt\u011b p\u0159eje a byla by opravdu perfektn\u011b matka, tak bohu\u017eel j\u00ed nejde\u00a0ot\u011bhotn\u011bt. Jen\u017ee co je tohle za spravedlnost? Kdyby z\u00e1le\u017eelo na m\u011b, tak tohle bych\u00a0p\u0159\u00edrod\u011b vytkla. Nicm\u00e9n\u011b, ale abych se vr\u00e1tila zp\u00e1tky d\u00edt\u011btem, nikdy nezapom\u00ednejte sv\u00e9 d\u011bti vychovat tak, aby byly slu\u0161n\u00e9, proto\u017ee slu\u0161nost je podle m\u00e9ho n\u00e1zoru opravdu na prvn\u00edm m\u00edst\u011b. Je to velice d\u016fle\u017eit\u00e9.\u00a0                                                                                                                                                                                                                                                                                                                                                                                                "},{"@context":"https:\/\/schema.org\/","@type":"BreadcrumbList","itemListElement":[{"@type":"ListItem","position":1,"name":"D\u011bt\u00ed jako smet\u00ed","item":"https:\/\/www.j-z-m.cz\/deti-jako-smeti\/#breadcrumbitem"}]}]